{"id":146977,"date":"2026-03-03T23:22:13","date_gmt":"2026-03-04T04:22:13","guid":{"rendered":"https:\/\/elinformanteperu.com\/?p=146977"},"modified":"2026-03-03T23:22:13","modified_gmt":"2026-03-04T04:22:13","slug":"rodrygo-le-dijo-adios-al-mundial-tras-rotura-del-cruzado-anterior-y-del-menisco-externo","status":"publish","type":"post","link":"https:\/\/elinformanteperu.com\/index.php\/2026\/03\/03\/rodrygo-le-dijo-adios-al-mundial-tras-rotura-del-cruzado-anterior-y-del-menisco-externo\/","title":{"rendered":"Rodrygo le dijo adi\u00f3s al Mundial tras rotura del cruzado anterior y del menisco externo"},"content":{"rendered":"<p><strong><span style=\"color: #000000;\">El brasile\u00f1o estar\u00e1 alejado de los juegos hasta final de la temporada, inform\u00f3 el Real Madrid<\/span><\/strong><\/p>\n<p><span style=\"color: #000000;\"><strong>Madrid, 3 de marzo 2026 (ANDINA).-<\/strong> El brasile\u00f1o Rodrygo Goes sufre una rotura del ligamento cruzado anterior y del menisco externo de la rodilla derecha, lesi\u00f3n que lo mantendr\u00e1 alejado de los terrenos de juego al menos hasta final de la presente temporada y que le har\u00e1 perderse el Mundial que se disputa este verano, informa el Real Madrid en un comunicado.<\/span><\/p>\n<p><span style=\"color: #000000;\">\u00abTras las pruebas realizadas hoy a nuestro jugador Rodrygo por los Servicios M\u00e9dicos del Real Madrid se le ha diagnosticado la rotura del ligamento cruzado anterior y la rotura del menisco externo de la pierna derecha\u00bb, se\u00f1ala el club.<\/span><\/p>\n<p><span style=\"color: #000000;\">Esta lesi\u00f3n se traduce en varios meses de baja, por lo que, adem\u00e1s de los compromisos con el Real Madrid durante ese tiempo, el atacante dice adi\u00f3s a disputar el Mundial, que arranca en junio, con Brasil.<\/span><\/p>\n<p><span style=\"color: #000000;\">Rodrygo afrontar\u00e1 la lesi\u00f3n m\u00e1s larga de su carrera deportiva justo despu\u00e9s de volver a los terrenos de juego, y disput\u00f3 36 minutos ante el Getafe este lunes, una vez superada una \u201ctendinosis en el isquio de la pierna derecha\u201d que, junto a una sanci\u00f3n debido a una expulsi\u00f3n en Liga de Campeones, le hizo perderse los cinco partidos anteriores del Real Madrid.<\/span><\/p>\n<p><span style=\"color: #000000;\">Otra baja de larga duraci\u00f3n para el Real Madrid, en un futbolista que vio reducido su protagonismo esta temporada, en la que, el 10 de diciembre, rompi\u00f3 una racha de nueve meses sin marcar, pero que, desde su llega en 2019, acumul\u00f3 momentos decisivos, especialmente en Liga de Campeones.<\/span><\/p>\n<blockquote class=\"twitter-tweet\">\n<p dir=\"ltr\" lang=\"pt\">Parte m\u00e9dico de Rodrygo.<\/p>\n<p>\u2014 Real Madrid C.F. (@realmadrid) <a href=\"https:\/\/twitter.com\/realmadrid\/status\/2028852899913302288?ref_src=twsrc%5Etfw\">March 3, 2026<\/a><\/p><\/blockquote>\n<p><script async src=\"https:\/\/platform.twitter.com\/widgets.js\" charset=\"utf-8\"><\/script><\/p>\n","protected":false},"excerpt":{"rendered":"<p>El brasile\u00f1o estar\u00e1 alejado de los juegos hasta final de la temporada, inform\u00f3 el Real Madrid Madrid, 3 de marzo 2026 (ANDINA).- El brasile\u00f1o Rodrygo Goes sufre una rotura del ligamento cruzado anterior y del menisco externo de la rodilla derecha, lesi\u00f3n que lo mantendr\u00e1 alejado de los terrenos de juego al menos hasta final [&hellip;]<\/p>\n","protected":false},"author":1,"featured_media":146978,"comment_status":"closed","ping_status":"closed","sticky":false,"template":"","format":"standard","meta":{"rop_custom_images_group":[],"rop_custom_messages_group":[],"rop_publish_now":"initial","rop_publish_now_accounts":[],"rop_publish_now_history":[],"rop_publish_now_status":"pending","footnotes":""},"categories":[8],"tags":[87,8508,8759],"class_list":["post-146977","post","type-post","status-publish","format-standard","has-post-thumbnail","hentry","category-disciplinas-deportivas","tag-brasil","tag-mundial-de-futbol-2026","tag-rodrygo"],"_links":{"self":[{"href":"https:\/\/elinformanteperu.com\/index.php\/wp-json\/wp\/v2\/posts\/146977","targetHints":{"allow":["GET"]}}],"collection":[{"href":"https:\/\/elinformanteperu.com\/index.php\/wp-json\/wp\/v2\/posts"}],"about":[{"href":"https:\/\/elinformanteperu.com\/index.php\/wp-json\/wp\/v2\/types\/post"}],"author":[{"embeddable":true,"href":"https:\/\/elinformanteperu.com\/index.php\/wp-json\/wp\/v2\/users\/1"}],"replies":[{"embeddable":true,"href":"https:\/\/elinformanteperu.com\/index.php\/wp-json\/wp\/v2\/comments?post=146977"}],"version-history":[{"count":1,"href":"https:\/\/elinformanteperu.com\/index.php\/wp-json\/wp\/v2\/posts\/146977\/revisions"}],"predecessor-version":[{"id":146979,"href":"https:\/\/elinformanteperu.com\/index.php\/wp-json\/wp\/v2\/posts\/146977\/revisions\/146979"}],"wp:featuredmedia":[{"embeddable":true,"href":"https:\/\/elinformanteperu.com\/index.php\/wp-json\/wp\/v2\/media\/146978"}],"wp:attachment":[{"href":"https:\/\/elinformanteperu.com\/index.php\/wp-json\/wp\/v2\/media?parent=146977"}],"wp:term":[{"taxonomy":"category","embeddable":true,"href":"https:\/\/elinformanteperu.com\/index.php\/wp-json\/wp\/v2\/categories?post=146977"},{"taxonomy":"post_tag","embeddable":true,"href":"https:\/\/elinformanteperu.com\/index.php\/wp-json\/wp\/v2\/tags?post=146977"}],"curies":[{"name":"wp","href":"https:\/\/api.w.org\/{rel}","templated":true}]}}