{"id":146970,"date":"2026-03-03T23:15:15","date_gmt":"2026-03-04T04:15:15","guid":{"rendered":"https:\/\/elinformanteperu.com\/?p=146970"},"modified":"2026-03-03T23:15:15","modified_gmt":"2026-03-04T04:15:15","slug":"el-flamengo-anuncio-la-destitucion-de-filipe-luis-como-tecnico-tras-caer-en-dos-finales","status":"publish","type":"post","link":"https:\/\/elinformanteperu.com\/index.php\/2026\/03\/03\/el-flamengo-anuncio-la-destitucion-de-filipe-luis-como-tecnico-tras-caer-en-dos-finales\/","title":{"rendered":"El Flamengo anunci\u00f3 la destituci\u00f3n de Filipe Lu\u00eds como t\u00e9cnico tras caer en dos finales"},"content":{"rendered":"<p><strong><span style=\"color: #000000;\">Perder la Recopa Sudamericana y la Supercopa de Brasil le cost\u00f3 el puesto al joven entrenador<\/span><\/strong><\/p>\n<p><span style=\"color: #000000;\"><strong>R\u00edo de Janeiro, 3 de marzo 2026 (ANDINA).-<\/strong> Ganador del Brasileir\u00e3o y la Copa Libertadores en 2025, Filipe Lu\u00eds fue destituido como entrenador del Flamengo, tras un mal inicio de temporada en el que perdi\u00f3 la Recopa Sudamericana y la Supercopa de Brasil.<\/span><\/p>\n<p><span style=\"color: #000000;\">El equipo de R\u00edo de Janeiro anunci\u00f3 la decisi\u00f3n la madrugada del martes, apenas unas horas despu\u00e9s de haber ganado por goleada de 8-0 ante el Madureira en la vuelta de las semifinales del Campeonato Carioca para avanzar a la final.<\/span><\/p>\n<p><span style=\"color: #000000;\">\u00abA partir de este martes, Filipe Lu\u00eds dejar\u00e1 de dirigir el equipo profesional\u00bb, inform\u00f3 el club rubro-negro en una breve nota oficial, en la que agradeci\u00f3 al exfutbolista \u00abtodo lo logrado y compartido en esta trayectoria\u00bb.<\/span><\/p>\n<p><span style=\"color: #000000;\">Seg\u00fan la prensa local, la noticia pill\u00f3 por sorpresa a Filipe Lu\u00eds, de 40 a\u00f1os.<\/span><\/p>\n<p><span style=\"color: #000000;\">De acuerdo con esos informes, el joven t\u00e9cnico ni siquiera pudo despedirse personalmente de sus jugadores.<\/span><\/p>\n<p><span style=\"color: #000000;\">Junto a \u00e9l dejaron el club el asistente t\u00e9cnico Ivan Palanco y el preparador f\u00edsico Diogo Linhares.<\/span><\/p>\n<p><span style=\"color: #000000;\">El equipo m\u00e1s rico de Sudam\u00e9rica no anunci\u00f3 sucesor, cuando se prepara para jugar la final del Carioca contra el Fluminense el domingo. Ya hab\u00eda ganado 3-0 la ida contra el Madureira.<\/span><\/p>\n<p><strong><span style=\"color: #000000;\">\u00bfLeonardo Jardim, en la sucesi\u00f3n?<\/span><\/strong><\/p>\n<p><span style=\"color: #000000;\">El portugu\u00e9s Leonardo Jardim comienza a ser barajado como reemplazo en la prensa local.<\/span><\/p>\n<p><span style=\"color: #000000;\">Jardim, de 51 a\u00f1os, dirigido al Cruzeiro el a\u00f1o pasado.<\/span><\/p>\n<p><span style=\"color: #000000;\">El equipo de Belo Horizonte acab\u00f3 bajo su mando en el tercer lugar de la liga brasile\u00f1a, por detr\u00e1s de Flamengo y Palmeiras, pero el t\u00e9cnico dio un paso a un costado alegando que deb\u00eda cuidar su salud mental.<\/span><\/p>\n<p><span style=\"color: #000000;\">El sucesor de Filipe Lu\u00eds asumir\u00e1 una plantilla que acaba de perder los dos primeros torneos a los que aspiraba en este inicio de a\u00f1o.<\/span><\/p>\n<p><span style=\"color: #000000;\">El equipo cay\u00f3 2-0 ante el Corinthians en la Supercopa de Brasil y despu\u00e9s en la Recopa Sudamericana frente al modesto Lan\u00fas, derrotado 3-2 en el Maracan\u00e1 en la vuelta despu\u00e9s de ceder 1-0 en la ida en Argentina.<\/span><\/p>\n<p><span style=\"color: #000000;\">En diciembre, el club y Filipe Lu\u00eds hab\u00edan llegado a un acuerdo para renovar el contrato del entrenador \u00abhasta diciembre de 2027\u00bb, despu\u00e9s de semanas de incertidumbre por la falta de acuerdo en las condiciones salariales.<\/span><\/p>\n<p><strong><span style=\"color: #000000;\">Del \u00e9xito al despido<\/span><\/strong><\/p>\n<p><span style=\"color: #000000;\">Exfutbolista de Atl\u00e9tico de Madrid y Chelsea, Filipe Lu\u00eds jug\u00f3 en el Flamengo de 2019 a 2023, cuando puso fin a su carrera deportiva.<\/span><\/p>\n<p><span style=\"color: #000000;\">Luego debut\u00f3 como DT en el banquillo del club de sus amores en septiembre de 2024, al tomar el lugar del exseleccionador brasile\u00f1o Tite.<\/span><\/p>\n<p><span style=\"color: #000000;\">Lo que inicialmente era un interinato, se convirti\u00f3 en una etapa memorable. Gan\u00f3 la Copa de Brasil pocos meses despu\u00e9s de asumir la direcci\u00f3n del Flamengo y en 2025 levant\u00f3 cuatro t\u00edtulos: Supercopa de Brasil, Campeonato Carioca, Brasileir\u00e3o y Libertadores.<\/span><\/p>\n<p><span style=\"color: #000000;\">Pero las cosas han sido muy distintas en 2026.<\/span><\/p>\n<p><span style=\"color: #000000;\">El Meng\u00e3o mantuvo su columna vertebral, con el argentino Agust\u00edn Rossi en el arco, la dupla de centrales Leo Ortiz-L\u00e9o Pereira, Jorginho como eje y el uruguayo Giorgian de Arrascaeta y Pedro como l\u00edderes de la ofensiva.<\/span><\/p>\n<p><span style=\"color: #000000;\">Y sum\u00f3 un refuerzo de lujo, Lucas Paquet\u00e1, cuya transferencia por 42 millones de euros supuso un r\u00e9cord para el f\u00fatbol sudamericano.<\/span><\/p>\n<p><span style=\"color: #000000;\">Sin embargo, los resultados han estado muy lejos de las expectativas.<\/span><\/p>\n<p><span style=\"color: #000000;\">\u00abMi equipo tiene mi cara. En lo bueno y en lo malo\u00bb, coment\u00f3 Filipe Lu\u00eds en rueda de prensa tras la derrota en la Recopa Sudamericana, defendiendo su idea de juego.<\/span><\/p>\n<p><span style=\"color: #000000;\">\u00abNo somos el Flamengo que queremos ser. Todos tenemos que mejorar\u00bb, admiti\u00f3 De Arrascaeta.<\/span><\/p>\n<blockquote class=\"twitter-tweet\">\n<p dir=\"ltr\" lang=\"pt\">O Clube de Regatas do Flamengo agradece a Filipe Lu\u00eds por toda a dedica\u00e7\u00e3o e conquistas ao longo dessa jornada como treinador. Desejamos sucesso na sequ\u00eancia da carreira.<a href=\"https:\/\/twitter.com\/hashtag\/obrigado?src=hash&amp;ref_src=twsrc%5Etfw\">#obrigado<\/a> <a href=\"https:\/\/t.co\/NTd9vHGnJE\">pic.twitter.com\/NTd9vHGnJE<\/a><\/p>\n<p>\u2014 Flamengo (@Flamengo) <a href=\"https:\/\/twitter.com\/Flamengo\/status\/2028844093162295298?ref_src=twsrc%5Etfw\">March 3, 2026<\/a><\/p><\/blockquote>\n<p><script async src=\"https:\/\/platform.twitter.com\/widgets.js\" charset=\"utf-8\"><\/script><\/p>\n","protected":false},"excerpt":{"rendered":"<p>Perder la Recopa Sudamericana y la Supercopa de Brasil le cost\u00f3 el puesto al joven entrenador R\u00edo de Janeiro, 3 de marzo 2026 (ANDINA).- Ganador del Brasileir\u00e3o y la Copa Libertadores en 2025, Filipe Lu\u00eds fue destituido como entrenador del Flamengo, tras un mal inicio de temporada en el que perdi\u00f3 la Recopa Sudamericana y [&hellip;]<\/p>\n","protected":false},"author":1,"featured_media":146971,"comment_status":"closed","ping_status":"closed","sticky":false,"template":"","format":"standard","meta":{"rop_custom_images_group":[],"rop_custom_messages_group":[],"rop_publish_now":"initial","rop_publish_now_accounts":[],"rop_publish_now_history":[],"rop_publish_now_status":"pending","footnotes":""},"categories":[8],"tags":[5056,227],"class_list":["post-146970","post","type-post","status-publish","format-standard","has-post-thumbnail","hentry","category-disciplinas-deportivas","tag-filipe-luiz","tag-flamengo"],"_links":{"self":[{"href":"https:\/\/elinformanteperu.com\/index.php\/wp-json\/wp\/v2\/posts\/146970","targetHints":{"allow":["GET"]}}],"collection":[{"href":"https:\/\/elinformanteperu.com\/index.php\/wp-json\/wp\/v2\/posts"}],"about":[{"href":"https:\/\/elinformanteperu.com\/index.php\/wp-json\/wp\/v2\/types\/post"}],"author":[{"embeddable":true,"href":"https:\/\/elinformanteperu.com\/index.php\/wp-json\/wp\/v2\/users\/1"}],"replies":[{"embeddable":true,"href":"https:\/\/elinformanteperu.com\/index.php\/wp-json\/wp\/v2\/comments?post=146970"}],"version-history":[{"count":1,"href":"https:\/\/elinformanteperu.com\/index.php\/wp-json\/wp\/v2\/posts\/146970\/revisions"}],"predecessor-version":[{"id":146972,"href":"https:\/\/elinformanteperu.com\/index.php\/wp-json\/wp\/v2\/posts\/146970\/revisions\/146972"}],"wp:featuredmedia":[{"embeddable":true,"href":"https:\/\/elinformanteperu.com\/index.php\/wp-json\/wp\/v2\/media\/146971"}],"wp:attachment":[{"href":"https:\/\/elinformanteperu.com\/index.php\/wp-json\/wp\/v2\/media?parent=146970"}],"wp:term":[{"taxonomy":"category","embeddable":true,"href":"https:\/\/elinformanteperu.com\/index.php\/wp-json\/wp\/v2\/categories?post=146970"},{"taxonomy":"post_tag","embeddable":true,"href":"https:\/\/elinformanteperu.com\/index.php\/wp-json\/wp\/v2\/tags?post=146970"}],"curies":[{"name":"wp","href":"https:\/\/api.w.org\/{rel}","templated":true}]}}