{"id":146961,"date":"2026-03-03T23:02:02","date_gmt":"2026-03-04T04:02:02","guid":{"rendered":"https:\/\/elinformanteperu.com\/?p=146961"},"modified":"2026-03-03T23:02:02","modified_gmt":"2026-03-04T04:02:02","slug":"julio-cesar-uribe-reacciono-ante-el-mal-momento-que-vive-cristal-en-el-torneo-apertura","status":"publish","type":"post","link":"https:\/\/elinformanteperu.com\/index.php\/2026\/03\/03\/julio-cesar-uribe-reacciono-ante-el-mal-momento-que-vive-cristal-en-el-torneo-apertura\/","title":{"rendered":"Julio C\u00e9sar Uribe reaccion\u00f3 ante el mal momento que vive Cristal en el Torneo Apertura"},"content":{"rendered":"<p><strong><span style=\"color: #000000;\">Admiti\u00f3 que iniciaron una investigaci\u00f3n en torno a una posible indisciplina de Maxloren Castro y Jair Moretti<\/span><\/strong><\/p>\n<p><span style=\"color: #000000;\"><strong>Lima, 3 de marzo 2026 (ANDINA).-<\/strong> El director general del Sporting Cristal, Julio C\u00e9sar Uribe, dio a conocer que se sienten \u00abalgo enojados\u00bb por la situaci\u00f3n del conjunto celeste en el Apertura e inform\u00f3 que los jugadores Maxloren Castro y Jair Moretti no ser\u00e1n parte del equipo que viajar\u00e1 a Venezuela para enfrentar a Carabobo FC por la Fase 3 de la Copa Libertadores.<\/span><\/p>\n<p><span style=\"color: #000000;\">El equipo bajopontino tuvo un arranque no deseado en el Torneo Apertura de la Liga 1, pues en cinco partidos lleva sumado 5 puntos, realidad que lo coloca en la casilla 11 de la tabla de posiciones, a 8 puntos del l\u00edder Alianza Lima.<\/span><\/p>\n<p><span style=\"color: #000000;\">Esta situaci\u00f3n incomoda a la alta directiva, as\u00ed lo dijo Julio C\u00e9sar Uribe, quien asever\u00f3 que el accionar del Cristal cambiar\u00e1 en lo que resta del torneo.<\/span><\/p>\n<p><span style=\"color: #000000;\">\u201cEs obvio que estamos inc\u00f3modos, incluso algo enojados, pero hay que actuar con criterio. Tenemos capacidad para jugar mucho mejor y creemos que las cosas cambiar\u00e1n en el resto del campeonato, donde falta mucho. Y tambi\u00e9n estamos pensando en la Copa Libertadores\u201d, dijo el Diamante a Exitosa Deportes.<\/span><\/p>\n<p><strong><span style=\"color: #000000;\">Inician investigaci\u00f3n<\/span><\/strong><\/p>\n<p><span style=\"color: #000000;\">El director general admiti\u00f3 que han tomado la determinaci\u00f3n de que los futbolistas Maxloren Castro y Jair Moretti, quienes est\u00e1n involucrados en hechos extradeportivos, no viajen con la delegaci\u00f3n a Venezuela y precis\u00f3 de que se ha iniciado una investigaci\u00f3n sobre las im\u00e1genes de ambos jugadores publicadas en redes sociales<\/span><\/p>\n<p><span style=\"color: #000000;\">\u201cEl club ya tom\u00f3 conocimiento de la situaci\u00f3n, que es de car\u00e1cter p\u00fablico. Bajo el contexto que hemos conocido, lo evaluamos internamente y se ha decidido que los jugadores no sean parte de la delegaci\u00f3n para el partido ante Carabobo\u201d, explic\u00f3.<\/span><\/p>\n<p><span style=\"color: #000000;\">Agreg\u00f3: \u201cEstamos en una investigaci\u00f3n y buscaremos utilizar las medidas correctivas que consideremos pertinentes, ya que siempre tratamos de ser puntuales con jugadores que valoramos mucho\u201d, finaliz\u00f3.<\/span><\/p>\n<p><span style=\"color: #000000;\">Como se sabe, Cristal debe dejar de lado, por un momento, la Liga 1 para enfocarse de lleno en su partido de ida por la Fase 3 de la Copa Libertadores ante Carabobo FC, que se jugar\u00e1 el mi\u00e9rcoles 4 de febrero (17:00 horas) en Valencia (Venezuela).<\/span><\/p>\n","protected":false},"excerpt":{"rendered":"<p>Admiti\u00f3 que iniciaron una investigaci\u00f3n en torno a una posible indisciplina de Maxloren Castro y Jair Moretti Lima, 3 de marzo 2026 (ANDINA).- El director general del Sporting Cristal, Julio C\u00e9sar Uribe, dio a conocer que se sienten \u00abalgo enojados\u00bb por la situaci\u00f3n del conjunto celeste en el Apertura e inform\u00f3 que los jugadores Maxloren [&hellip;]<\/p>\n","protected":false},"author":1,"featured_media":146962,"comment_status":"closed","ping_status":"closed","sticky":false,"template":"","format":"standard","meta":{"rop_custom_images_group":[],"rop_custom_messages_group":[],"rop_publish_now":"initial","rop_publish_now_accounts":[],"rop_publish_now_history":[],"rop_publish_now_status":"pending","footnotes":""},"categories":[8],"tags":[585,200],"class_list":["post-146961","post","type-post","status-publish","format-standard","has-post-thumbnail","hentry","category-disciplinas-deportivas","tag-julio-cesar-uribe","tag-sporting-cristal"],"_links":{"self":[{"href":"https:\/\/elinformanteperu.com\/index.php\/wp-json\/wp\/v2\/posts\/146961","targetHints":{"allow":["GET"]}}],"collection":[{"href":"https:\/\/elinformanteperu.com\/index.php\/wp-json\/wp\/v2\/posts"}],"about":[{"href":"https:\/\/elinformanteperu.com\/index.php\/wp-json\/wp\/v2\/types\/post"}],"author":[{"embeddable":true,"href":"https:\/\/elinformanteperu.com\/index.php\/wp-json\/wp\/v2\/users\/1"}],"replies":[{"embeddable":true,"href":"https:\/\/elinformanteperu.com\/index.php\/wp-json\/wp\/v2\/comments?post=146961"}],"version-history":[{"count":1,"href":"https:\/\/elinformanteperu.com\/index.php\/wp-json\/wp\/v2\/posts\/146961\/revisions"}],"predecessor-version":[{"id":146963,"href":"https:\/\/elinformanteperu.com\/index.php\/wp-json\/wp\/v2\/posts\/146961\/revisions\/146963"}],"wp:featuredmedia":[{"embeddable":true,"href":"https:\/\/elinformanteperu.com\/index.php\/wp-json\/wp\/v2\/media\/146962"}],"wp:attachment":[{"href":"https:\/\/elinformanteperu.com\/index.php\/wp-json\/wp\/v2\/media?parent=146961"}],"wp:term":[{"taxonomy":"category","embeddable":true,"href":"https:\/\/elinformanteperu.com\/index.php\/wp-json\/wp\/v2\/categories?post=146961"},{"taxonomy":"post_tag","embeddable":true,"href":"https:\/\/elinformanteperu.com\/index.php\/wp-json\/wp\/v2\/tags?post=146961"}],"curies":[{"name":"wp","href":"https:\/\/api.w.org\/{rel}","templated":true}]}}