{"id":146955,"date":"2026-03-03T22:48:34","date_gmt":"2026-03-04T03:48:34","guid":{"rendered":"https:\/\/elinformanteperu.com\/?p=146955"},"modified":"2026-03-03T22:48:34","modified_gmt":"2026-03-04T03:48:34","slug":"andrea-arana-debutara-en-la-pantalla-grande","status":"publish","type":"post","link":"https:\/\/elinformanteperu.com\/index.php\/2026\/03\/03\/andrea-arana-debutara-en-la-pantalla-grande\/","title":{"rendered":"Andrea Arana debutar\u00e1 en la pantalla grande"},"content":{"rendered":"<p><span style=\"color: #000000;\"><strong>Lima, 3 de marzo 2026 (ANDINA).-<\/strong> Andrea Arana har\u00e1 su debut en la pantalla grande. La conductora de Un d\u00eda en el mall y Entrometidos formar\u00e1 parte de la nueva comedia que alista Sinargollas, \u2018Amigo, por ah\u00ed no es\u2019.<\/span><\/p>\n<p><span style=\"color: #000000;\">As\u00ed lo anunci\u00f3 la productora desde sus redes oficiales, donde anunci\u00f3 que la figura televisiva encarnar\u00e1 a \u2018Maritza\u2019 en la cinta escrita y dirigida por el Gino Tassara.<\/span><\/p>\n<p><span style=\"color: #000000;\">\u201cTodos tenemos esa amiga que quiere saberlo todo. Etiqueta a las amigas que son as\u00ed y con las que ir\u00e1s a ver Amigo por ah\u00ed no es\u201d, escribi\u00f3 la productora.<\/span><\/p>\n<p><span style=\"color: #000000;\">Andrea declar\u00f3 estar agradecida de participar por primera vez en una pel\u00edcula nacional y poder demostrar su talento. \u201cHab\u00eda llevado algunos cursos de actuaci\u00f3n a modo de complementar mi carrera en TV, aprender cosas nuevas y de alguna manera estar lista para cuando se presente la oportunidad\u201d, coment\u00f3 Arana.<\/span><\/p>\n<p><span style=\"color: #000000;\">\u201cSer\u00e1 mi primera vez actuando, me anim\u00f3 much\u00edsimo la idea de hacer algo diferente. Tengo 10 a\u00f1os en la conducci\u00f3n. Trabajar con Gino es muy divertido, tiene mucha visi\u00f3n, es creativo, sabe transmitir lo que desea\u201d, explic\u00f3 la conductora que espera que pronto el p\u00fablico conozca a \u2018Maritza\u2019.<\/span><\/p>\n<p><span style=\"color: #000000;\">Sobre su personaje, dijo que tiene muchas cosas en com\u00fan. \u201cMe parece divertida, es lo que hago en mi vida real, ella har\u00e1 algunos destapes, siempre dispuesta a descubrir la verdad. Se parece a m\u00ed, me gusta llegar al fondo del asunto, \u00a1en todo!\u201d, detall\u00f3 Andrea.<\/span><\/p>\n<p><span style=\"color: #000000;\">\u201cEs lindo saber que hay algunas personas que te reconocen por el trabajo que amas tanto y que siguen tu carrera desde hace mucho tiempo, pero si se me da la oportunidad y logro hacerlo bien, no me cierro las puertas a seguir probando cosas nuevas y qui\u00e9n sabe participar en alguna otra pel\u00edcula, con preparaci\u00f3n y ganas todo es posible\u201d, finaliz\u00f3.<\/span><\/p>\n","protected":false},"excerpt":{"rendered":"<p>Lima, 3 de marzo 2026 (ANDINA).- Andrea Arana har\u00e1 su debut en la pantalla grande. La conductora de Un d\u00eda en el mall y Entrometidos formar\u00e1 parte de la nueva comedia que alista Sinargollas, \u2018Amigo, por ah\u00ed no es\u2019. As\u00ed lo anunci\u00f3 la productora desde sus redes oficiales, donde anunci\u00f3 que la figura televisiva encarnar\u00e1 [&hellip;]<\/p>\n","protected":false},"author":1,"featured_media":146956,"comment_status":"closed","ping_status":"closed","sticky":false,"template":"","format":"standard","meta":{"rop_custom_images_group":[],"rop_custom_messages_group":[],"rop_publish_now":"initial","rop_publish_now_accounts":[],"rop_publish_now_history":[],"rop_publish_now_status":"pending","footnotes":""},"categories":[70],"tags":[7075,6693],"class_list":["post-146955","post","type-post","status-publish","format-standard","has-post-thumbnail","hentry","category-farandula","tag-estrellas","tag-willax-tv"],"_links":{"self":[{"href":"https:\/\/elinformanteperu.com\/index.php\/wp-json\/wp\/v2\/posts\/146955","targetHints":{"allow":["GET"]}}],"collection":[{"href":"https:\/\/elinformanteperu.com\/index.php\/wp-json\/wp\/v2\/posts"}],"about":[{"href":"https:\/\/elinformanteperu.com\/index.php\/wp-json\/wp\/v2\/types\/post"}],"author":[{"embeddable":true,"href":"https:\/\/elinformanteperu.com\/index.php\/wp-json\/wp\/v2\/users\/1"}],"replies":[{"embeddable":true,"href":"https:\/\/elinformanteperu.com\/index.php\/wp-json\/wp\/v2\/comments?post=146955"}],"version-history":[{"count":1,"href":"https:\/\/elinformanteperu.com\/index.php\/wp-json\/wp\/v2\/posts\/146955\/revisions"}],"predecessor-version":[{"id":146957,"href":"https:\/\/elinformanteperu.com\/index.php\/wp-json\/wp\/v2\/posts\/146955\/revisions\/146957"}],"wp:featuredmedia":[{"embeddable":true,"href":"https:\/\/elinformanteperu.com\/index.php\/wp-json\/wp\/v2\/media\/146956"}],"wp:attachment":[{"href":"https:\/\/elinformanteperu.com\/index.php\/wp-json\/wp\/v2\/media?parent=146955"}],"wp:term":[{"taxonomy":"category","embeddable":true,"href":"https:\/\/elinformanteperu.com\/index.php\/wp-json\/wp\/v2\/categories?post=146955"},{"taxonomy":"post_tag","embeddable":true,"href":"https:\/\/elinformanteperu.com\/index.php\/wp-json\/wp\/v2\/tags?post=146955"}],"curies":[{"name":"wp","href":"https:\/\/api.w.org\/{rel}","templated":true}]}}