{"id":146841,"date":"2026-02-25T17:41:42","date_gmt":"2026-02-25T22:41:42","guid":{"rendered":"https:\/\/elinformanteperu.com\/?p=146841"},"modified":"2026-02-25T17:41:42","modified_gmt":"2026-02-25T22:41:42","slug":"gobierno-declaro-en-emergencia-transporte-terrestre-en-tramos-de-red-vial-nacional","status":"publish","type":"post","link":"https:\/\/elinformanteperu.com\/index.php\/2026\/02\/25\/gobierno-declaro-en-emergencia-transporte-terrestre-en-tramos-de-red-vial-nacional\/","title":{"rendered":"Gobierno declar\u00f3 en emergencia transporte terrestre en tramos de Red Vial Nacional"},"content":{"rendered":"<p><strong><span style=\"color: #000000;\">A fin de garantizar la seguridad y continuidad del servicio en rutas cr\u00edticas<\/span><\/strong><\/p>\n<p><span style=\"color: #000000;\"><strong>Lima, 25 de febrero 2026 (ANDINA).-<\/strong> El Gobierno del presidente Jos\u00e9 Mar\u00eda Balc\u00e1zar declar\u00f3 en emergencia el servicio de transporte terrestre en diferentes tramos de la Red Vial Nacional, con el fin de garantizar la seguridad de los usuarios y la continuidad del servicio, mediante intervenciones inmediatas en la infraestructura afectada.<\/span><\/p>\n<p><span style=\"color: #000000;\">La Resoluci\u00f3n Ministerial 098-2026-MTC\/01.02, publicada en el bolet\u00edn Normas Legales del Diario Oficial El Peruano, precisa que la medida rige en rutas nacionales de alto tr\u00e1nsito ubicadas en las regiones de Arequipa, Ica y Piura-Tumbes, identificadas como tramos cr\u00edticos por el Ministerio de Transportes y Comunicaciones (MTC).<\/span><\/p>\n<p><span style=\"color: #000000;\">La declaratoria de emergencia responde a informes t\u00e9cnicos sobre el estado actual de la infraestructura vial que alertaron sobre riesgos de interrupci\u00f3n del servicio y afectaci\u00f3n a la seguridad de los pasajeros.<\/span><\/p>\n<p><span style=\"color: #000000;\">De este modo, se faculta a Prov\u00edas Nacional a ejecutar, de forma directa o mediante contratistas, las acciones e intervenciones necesarias para recuperar y mantener la transitabilidad y operatividad de los tramos afectados, sin que ello implique un tr\u00e1mite ordinario.<\/span><\/p>\n<p><span style=\"color: #000000;\">La norma considera que en dichos tramos operan cientos de autorizaciones de transporte, con m\u00e1s de medio mill\u00f3n de usuarios que transitan semanalmente por estas rutas, por lo que la rapidez en la atenci\u00f3n de las contingencias viales es fundamental.<\/span><\/p>\n<p><span style=\"color: #000000;\">Se indica, adem\u00e1s, que las autoridades competentes deber\u00e1n informar en un plazo determinado sobre las acciones adoptadas, con el fin de garantizar el seguimiento y la transparencia en la implementaci\u00f3n de las medidas que comprende la declaratoria de emergencia.<\/span><\/p>\n<p><span style=\"color: #000000;\">\u00abEl Gobierno reafirma que la protecci\u00f3n de los usuarios, la seguridad vial y la continuidad del servicio p\u00fablico de transporte terrestre constituyen prioridades fundamentales, y que las acciones adoptadas en el marco de la emergencia buscan responder de manera eficiente a las necesidades de la poblaci\u00f3n\u00bb, destac\u00f3 la Presidencia de la Rep\u00fablica.<\/span><\/p>\n","protected":false},"excerpt":{"rendered":"<p>A fin de garantizar la seguridad y continuidad del servicio en rutas cr\u00edticas Lima, 25 de febrero 2026 (ANDINA).- El Gobierno del presidente Jos\u00e9 Mar\u00eda Balc\u00e1zar declar\u00f3 en emergencia el servicio de transporte terrestre en diferentes tramos de la Red Vial Nacional, con el fin de garantizar la seguridad de los usuarios y la continuidad [&hellip;]<\/p>\n","protected":false},"author":1,"featured_media":146842,"comment_status":"closed","ping_status":"closed","sticky":false,"template":"","format":"standard","meta":{"rop_custom_images_group":[],"rop_custom_messages_group":[],"rop_publish_now":"initial","rop_publish_now_accounts":[],"rop_publish_now_history":[],"rop_publish_now_status":"pending","footnotes":""},"categories":[5],"tags":[318,317,1421],"class_list":["post-146841","post","type-post","status-publish","format-standard","has-post-thumbnail","hentry","category-actualidad-informativa","tag-ministerio-de-transportes-y-comunicaciones","tag-mtc","tag-poder-ejecutivo"],"_links":{"self":[{"href":"https:\/\/elinformanteperu.com\/index.php\/wp-json\/wp\/v2\/posts\/146841","targetHints":{"allow":["GET"]}}],"collection":[{"href":"https:\/\/elinformanteperu.com\/index.php\/wp-json\/wp\/v2\/posts"}],"about":[{"href":"https:\/\/elinformanteperu.com\/index.php\/wp-json\/wp\/v2\/types\/post"}],"author":[{"embeddable":true,"href":"https:\/\/elinformanteperu.com\/index.php\/wp-json\/wp\/v2\/users\/1"}],"replies":[{"embeddable":true,"href":"https:\/\/elinformanteperu.com\/index.php\/wp-json\/wp\/v2\/comments?post=146841"}],"version-history":[{"count":1,"href":"https:\/\/elinformanteperu.com\/index.php\/wp-json\/wp\/v2\/posts\/146841\/revisions"}],"predecessor-version":[{"id":146843,"href":"https:\/\/elinformanteperu.com\/index.php\/wp-json\/wp\/v2\/posts\/146841\/revisions\/146843"}],"wp:featuredmedia":[{"embeddable":true,"href":"https:\/\/elinformanteperu.com\/index.php\/wp-json\/wp\/v2\/media\/146842"}],"wp:attachment":[{"href":"https:\/\/elinformanteperu.com\/index.php\/wp-json\/wp\/v2\/media?parent=146841"}],"wp:term":[{"taxonomy":"category","embeddable":true,"href":"https:\/\/elinformanteperu.com\/index.php\/wp-json\/wp\/v2\/categories?post=146841"},{"taxonomy":"post_tag","embeddable":true,"href":"https:\/\/elinformanteperu.com\/index.php\/wp-json\/wp\/v2\/tags?post=146841"}],"curies":[{"name":"wp","href":"https:\/\/api.w.org\/{rel}","templated":true}]}}