{"id":146830,"date":"2026-02-25T17:28:16","date_gmt":"2026-02-25T22:28:16","guid":{"rendered":"https:\/\/elinformanteperu.com\/?p=146830"},"modified":"2026-02-25T17:28:16","modified_gmt":"2026-02-25T22:28:16","slug":"jefa-de-gabinete-anuncia-neutralidad-absoluta-en-elecciones-y-atencion-a-emergencias","status":"publish","type":"post","link":"https:\/\/elinformanteperu.com\/index.php\/2026\/02\/25\/jefa-de-gabinete-anuncia-neutralidad-absoluta-en-elecciones-y-atencion-a-emergencias\/","title":{"rendered":"Jefa de Gabinete anuncia neutralidad absoluta en elecciones y atenci\u00f3n a emergencias"},"content":{"rendered":"<p><strong><span style=\"color: #000000;\">Dijo adem\u00e1s que la orientaci\u00f3n econ\u00f3mica se mantendr\u00e1 sin alteraciones y se fortalecer\u00e1 la seguridad ciudadana<\/span><\/strong><\/p>\n<p><span style=\"color: #000000;\"><strong>Lima, 25 de febrero 2026 (ANDINA).-<\/strong> La presidenta del Consejo de Ministros, Denisse Miralles, anunci\u00f3 que el nuevo Gobierno mantendr\u00e1 una neutralidad absoluta durante las elecciones generales y atender\u00e1 las emergencias en diversas regiones del pa\u00eds motivadas por las intensas lluvias.<\/span><\/p>\n<p><span style=\"color: #000000;\">Asimismo, sostuvo que la orientaci\u00f3n econ\u00f3mica del pa\u00eds se mantendr\u00e1 sin alteraciones y que tambi\u00e9n se fortalecer\u00e1 la seguridad ciudadana mediante un trabajo articulado entre el Ejecutivo, el sistema de justicia y los gobiernos regionales y locales.<\/span><\/p>\n<p><span style=\"color: #000000;\">\u00abNuestra primera tarea es asegurar una transici\u00f3n democr\u00e1tica ordenada y transparente, vamos a coordinar permanentemente con los organismos electorales para garantizar recursos, neutralidad absoluta y pleno respeto a la voluntad ciudadana\u00bb, expres\u00f3 la premier en conferencia de prensa ofrecida al t\u00e9rmino de la sesi\u00f3n del Consejo de Ministros realizada esta noche en Palacio de Gobierno.<\/span><\/p>\n<p><span style=\"color: #000000;\">A\u00f1adi\u00f3 que el pa\u00eds necesita un proceso electoral que devuelva la confianza y \u00abcierre esta etapa de incertidumbre pol\u00edtica\u00bb. De otro lado, manifest\u00f3 que el Gobierno ha dispuesto una respuesta nacional frente a la emergencia por el Fen\u00f3meno del Ni\u00f1o, lo cual ha sido el principal punto de la agenda del primer Consejo de Ministros realizado hoy.<\/span><\/p>\n<p><span style=\"color: #000000;\">En ese sentido, anunci\u00f3 que ma\u00f1ana mi\u00e9rcoles viajar\u00e1n a Arequipa, una de las regiones m\u00e1s afectadas por las lluvias intensas, el presidente de la rep\u00fablica Jos\u00e9 Mar\u00eda Balc\u00e1zar y varios ministros, quienes visitar\u00e1n la ciudad blanca y zonas aleda\u00f1as, y se reunir\u00e1n con el gobernador regional y los alcaldes para coordinar acciones ante la emergencia.<\/span><\/p>\n<p><span style=\"color: #000000;\">Precis\u00f3 que tambi\u00e9n viajar\u00e1 junto al jefe de Estado a Arequipa, al igual que los ministros de Vivienda, Transportes y Comunicaciones y Defensa. Luego retornar\u00e1n a Lima y se dirigir\u00e1n al COEN tambi\u00e9n para coordinar acciones con gobernadores y alcaldes de otras zonas afectadas por las lluvias intensas y asegurar una atenci\u00f3n r\u00e1pida con equipos y maquinarias para enfrentar las emergencias.<\/span><\/p>\n<p><strong><span style=\"color: #000000;\">Se mantendr\u00e1 orientaci\u00f3n econ\u00f3mica<\/span><\/strong><\/p>\n<p><span style=\"color: #000000;\">En otro momento, la presidenta del Consejo de Ministros afirm\u00f3 que la orientaci\u00f3n econ\u00f3mica de este gobierno se va a mantener firme y sin alteraciones. \u00abEste Consejo de Ministros va a actuar con se\u00f1ales claras de estabilidad, responsabilidad fiscal y respeto a las reglas que generan confianza\u00bb, asever\u00f3 Denisse Miralles.<\/span><\/p>\n<p><span style=\"color: #000000;\">\u00abTambi\u00e9n reiterar el respeto de lo avanzado en la estabilidad econ\u00f3mica y responsabilidad fiscal que en mi cartera anterior hab\u00eda emprendido, tengo ese respaldo para continuarlo. No podemos hacer cambios radicales, estamos en un corto plazo y lo que tenemos que hacer es garantizar las condiciones para que nuestro siguiente gobierno, electo por los ciudadanos, pueda tener una tarea sin problemas\u00bb, recalc\u00f3.<\/span><\/p>\n<p><strong><span style=\"color: #000000;\">Fortalecer seguridad ciudadana<\/span><\/strong><\/p>\n<p><span style=\"color: #000000;\">Asimismo, la flamante premier expres\u00f3 que otro objetivo prioritario de esta gesti\u00f3n gubernamental es el fortalecimiento de la seguridad ciudadana, mediante la articulaci\u00f3n de esfuerzos entre el Ejecutivo, la Polic\u00eda Nacional, el Ministerio P\u00fablico, el Poder Judicial, los gobiernos regionales y los gobiernos locales. Dijo que en este campo se priorizar\u00e1 la inteligencia policial, as\u00ed como la estrategia y la capacidad operativa frente al crimen.<\/span><\/p>\n<p><strong><span style=\"color: #000000;\">Consejo de Ministros<\/span><\/strong><\/p>\n<p><span style=\"color: #000000;\">Del mismo modo, la jefa de Gabinete dio a conocer que en la sesi\u00f3n del Consejo de Ministros se han aprobado declarar el estado de emergencia en varios distritos de y provincias de Arequipa, y el distrito de Ocucaje, en Ica, debido a los da\u00f1os ocasionados por las intensas lluvias. Adem\u00e1s, se ha aprobado la pr\u00f3rroga del estado de emergencia en distritos de las provincias General Sanchez Cerro y Mariscal Nieto en Moquegua, ante el peligro inminente por contaminaci\u00f3n del agua.<\/span><\/p>\n<p><span style=\"color: #000000;\">Igualmente inform\u00f3 que se ha aprobado el estado de emergencia en diversos distritos de los departamentos de Amazonas, Ancash, Arequipa, Cajamarca, Ica, Jun\u00edn, La Libertad, Lambayeque, Lima, Madre de Dios, Piura, Puno, San Mart\u00edn, y Tumbes, para hacer frente al riesgo generado por las intensas precipitaciones, y se ha aprobado declarar el estado de emergencia en el distrito de Independencia, en la provincia de Huaraz, Ancash, ante el peligro inminente por contaminaci\u00f3n h\u00eddrica.<\/span><\/p>\n<p><span style=\"color: #000000;\">Por su parte el ministro de Defensa, Luis Arroyo Sanchez dijo que hoy se tiene 707 distritos del pa\u00eds declarados en emergencia, por lo que la ayuda debe ser inmediata.<\/span><\/p>\n<p><span style=\"color: #000000;\">\u00abEso para flexibiliza presupuesto y pueda llegar ayuda de manera r\u00e1pida. Hay trabajo por hacer, pero se necesita m\u00e1s maquinarias como volquetes y cisternas de agua\u00bb, asever\u00f3.<\/span><\/p>\n","protected":false},"excerpt":{"rendered":"<p>Dijo adem\u00e1s que la orientaci\u00f3n econ\u00f3mica se mantendr\u00e1 sin alteraciones y se fortalecer\u00e1 la seguridad ciudadana Lima, 25 de febrero 2026 (ANDINA).- La presidenta del Consejo de Ministros, Denisse Miralles, anunci\u00f3 que el nuevo Gobierno mantendr\u00e1 una neutralidad absoluta durante las elecciones generales y atender\u00e1 las emergencias en diversas regiones del pa\u00eds motivadas por las [&hellip;]<\/p>\n","protected":false},"author":1,"featured_media":146831,"comment_status":"closed","ping_status":"closed","sticky":false,"template":"","format":"standard","meta":{"rop_custom_images_group":[],"rop_custom_messages_group":[],"rop_publish_now":"initial","rop_publish_now_accounts":[],"rop_publish_now_history":[],"rop_publish_now_status":"pending","footnotes":""},"categories":[5,5745],"tags":[8644,189,2317],"class_list":["post-146830","post","type-post","status-publish","format-standard","has-post-thumbnail","hentry","category-actualidad-informativa","category-lo-ultimo","tag-denisse-miralles","tag-pcm","tag-presidencia-del-consejo-de-ministros"],"_links":{"self":[{"href":"https:\/\/elinformanteperu.com\/index.php\/wp-json\/wp\/v2\/posts\/146830","targetHints":{"allow":["GET"]}}],"collection":[{"href":"https:\/\/elinformanteperu.com\/index.php\/wp-json\/wp\/v2\/posts"}],"about":[{"href":"https:\/\/elinformanteperu.com\/index.php\/wp-json\/wp\/v2\/types\/post"}],"author":[{"embeddable":true,"href":"https:\/\/elinformanteperu.com\/index.php\/wp-json\/wp\/v2\/users\/1"}],"replies":[{"embeddable":true,"href":"https:\/\/elinformanteperu.com\/index.php\/wp-json\/wp\/v2\/comments?post=146830"}],"version-history":[{"count":1,"href":"https:\/\/elinformanteperu.com\/index.php\/wp-json\/wp\/v2\/posts\/146830\/revisions"}],"predecessor-version":[{"id":146832,"href":"https:\/\/elinformanteperu.com\/index.php\/wp-json\/wp\/v2\/posts\/146830\/revisions\/146832"}],"wp:featuredmedia":[{"embeddable":true,"href":"https:\/\/elinformanteperu.com\/index.php\/wp-json\/wp\/v2\/media\/146831"}],"wp:attachment":[{"href":"https:\/\/elinformanteperu.com\/index.php\/wp-json\/wp\/v2\/media?parent=146830"}],"wp:term":[{"taxonomy":"category","embeddable":true,"href":"https:\/\/elinformanteperu.com\/index.php\/wp-json\/wp\/v2\/categories?post=146830"},{"taxonomy":"post_tag","embeddable":true,"href":"https:\/\/elinformanteperu.com\/index.php\/wp-json\/wp\/v2\/tags?post=146830"}],"curies":[{"name":"wp","href":"https:\/\/api.w.org\/{rel}","templated":true}]}}