{"id":146825,"date":"2026-02-25T17:25:15","date_gmt":"2026-02-25T22:25:15","guid":{"rendered":"https:\/\/elinformanteperu.com\/?p=146825"},"modified":"2026-02-25T17:25:15","modified_gmt":"2026-02-25T22:25:15","slug":"presidente-jose-maria-balcazar-lidero-primera-sesion-del-gabinete-ministerial","status":"publish","type":"post","link":"https:\/\/elinformanteperu.com\/index.php\/2026\/02\/25\/presidente-jose-maria-balcazar-lidero-primera-sesion-del-gabinete-ministerial\/","title":{"rendered":"Presidente Jos\u00e9 Mar\u00eda Balc\u00e1zar lider\u00f3 primera sesi\u00f3n del Gabinete ministerial"},"content":{"rendered":"<p><span style=\"color: #000000;\"><strong>Lima, 25 de febrero 2026 (ANDINA).-<\/strong> El presidente Jos\u00e9 Mar\u00eda Balc\u00e1zar encabez\u00f3 la primera sesi\u00f3n del Consejo de Ministros junto a la jefa del Gabinete ministerial, Denisse Miralles.<\/span><\/p>\n<p><span style=\"color: #000000;\">\u00abEn este encuentro inicial, se establecieron los lineamientos de trabajo orientados a fortalecer la institucionalidad y garantizar una gesti\u00f3n transparente en beneficio de todos los peruanos\u00bb, informa la Presidencia de la Rep\u00fablica en sus redes sociales.<\/span><\/p>\n<p><a href=\"https:\/\/elinformanteperu.com\/wp-content\/uploads\/2026\/02\/gabinete-miralles-primera-sesion-2.jpg\"><img fetchpriority=\"high\" decoding=\"async\" class=\"size-large wp-image-146828 aligncenter\" src=\"https:\/\/elinformanteperu.com\/wp-content\/uploads\/2026\/02\/gabinete-miralles-primera-sesion-2-1024x683.jpg\" alt=\"\" width=\"615\" height=\"410\" srcset=\"https:\/\/elinformanteperu.com\/wp-content\/uploads\/2026\/02\/gabinete-miralles-primera-sesion-2-1024x683.jpg 1024w, https:\/\/elinformanteperu.com\/wp-content\/uploads\/2026\/02\/gabinete-miralles-primera-sesion-2-300x200.jpg 300w, https:\/\/elinformanteperu.com\/wp-content\/uploads\/2026\/02\/gabinete-miralles-primera-sesion-2-768x512.jpg 768w, https:\/\/elinformanteperu.com\/wp-content\/uploads\/2026\/02\/gabinete-miralles-primera-sesion-2-1536x1024.jpg 1536w, https:\/\/elinformanteperu.com\/wp-content\/uploads\/2026\/02\/gabinete-miralles-primera-sesion-2.jpg 2048w\" sizes=\"(max-width: 615px) 100vw, 615px\" \/><\/a><\/p>\n<p><span style=\"color: #000000;\">La primera sesi\u00f3n del Consejo de Ministros se produjo poco despu\u00e9s de la juramentaci\u00f3n del nuevo Gabinete ministerial que lidera Denisse Miralles.<\/span><\/p>\n<p><a href=\"https:\/\/elinformanteperu.com\/wp-content\/uploads\/2026\/02\/gabinete-miralles-primera-sesion-1.jpg\"><img decoding=\"async\" class=\"size-large wp-image-146827 aligncenter\" src=\"https:\/\/elinformanteperu.com\/wp-content\/uploads\/2026\/02\/gabinete-miralles-primera-sesion-1-1024x683.jpg\" alt=\"\" width=\"615\" height=\"410\" srcset=\"https:\/\/elinformanteperu.com\/wp-content\/uploads\/2026\/02\/gabinete-miralles-primera-sesion-1-1024x683.jpg 1024w, https:\/\/elinformanteperu.com\/wp-content\/uploads\/2026\/02\/gabinete-miralles-primera-sesion-1-300x200.jpg 300w, https:\/\/elinformanteperu.com\/wp-content\/uploads\/2026\/02\/gabinete-miralles-primera-sesion-1-768x512.jpg 768w, https:\/\/elinformanteperu.com\/wp-content\/uploads\/2026\/02\/gabinete-miralles-primera-sesion-1-1536x1024.jpg 1536w, https:\/\/elinformanteperu.com\/wp-content\/uploads\/2026\/02\/gabinete-miralles-primera-sesion-1.jpg 2048w\" sizes=\"(max-width: 615px) 100vw, 615px\" \/><\/a><\/p>\n","protected":false},"excerpt":{"rendered":"<p>Lima, 25 de febrero 2026 (ANDINA).- El presidente Jos\u00e9 Mar\u00eda Balc\u00e1zar encabez\u00f3 la primera sesi\u00f3n del Consejo de Ministros junto a la jefa del Gabinete ministerial, Denisse Miralles. \u00abEn este encuentro inicial, se establecieron los lineamientos de trabajo orientados a fortalecer la institucionalidad y garantizar una gesti\u00f3n transparente en beneficio de todos los peruanos\u00bb, informa [&hellip;]<\/p>\n","protected":false},"author":1,"featured_media":146826,"comment_status":"closed","ping_status":"closed","sticky":false,"template":"","format":"standard","meta":{"rop_custom_images_group":[],"rop_custom_messages_group":[],"rop_publish_now":"initial","rop_publish_now_accounts":[],"rop_publish_now_history":[],"rop_publish_now_status":"pending","footnotes":""},"categories":[5],"tags":[8644,189,1421,2317],"class_list":["post-146825","post","type-post","status-publish","format-standard","has-post-thumbnail","hentry","category-actualidad-informativa","tag-denisse-miralles","tag-pcm","tag-poder-ejecutivo","tag-presidencia-del-consejo-de-ministros"],"_links":{"self":[{"href":"https:\/\/elinformanteperu.com\/index.php\/wp-json\/wp\/v2\/posts\/146825","targetHints":{"allow":["GET"]}}],"collection":[{"href":"https:\/\/elinformanteperu.com\/index.php\/wp-json\/wp\/v2\/posts"}],"about":[{"href":"https:\/\/elinformanteperu.com\/index.php\/wp-json\/wp\/v2\/types\/post"}],"author":[{"embeddable":true,"href":"https:\/\/elinformanteperu.com\/index.php\/wp-json\/wp\/v2\/users\/1"}],"replies":[{"embeddable":true,"href":"https:\/\/elinformanteperu.com\/index.php\/wp-json\/wp\/v2\/comments?post=146825"}],"version-history":[{"count":1,"href":"https:\/\/elinformanteperu.com\/index.php\/wp-json\/wp\/v2\/posts\/146825\/revisions"}],"predecessor-version":[{"id":146829,"href":"https:\/\/elinformanteperu.com\/index.php\/wp-json\/wp\/v2\/posts\/146825\/revisions\/146829"}],"wp:featuredmedia":[{"embeddable":true,"href":"https:\/\/elinformanteperu.com\/index.php\/wp-json\/wp\/v2\/media\/146826"}],"wp:attachment":[{"href":"https:\/\/elinformanteperu.com\/index.php\/wp-json\/wp\/v2\/media?parent=146825"}],"wp:term":[{"taxonomy":"category","embeddable":true,"href":"https:\/\/elinformanteperu.com\/index.php\/wp-json\/wp\/v2\/categories?post=146825"},{"taxonomy":"post_tag","embeddable":true,"href":"https:\/\/elinformanteperu.com\/index.php\/wp-json\/wp\/v2\/tags?post=146825"}],"curies":[{"name":"wp","href":"https:\/\/api.w.org\/{rel}","templated":true}]}}