{"id":146818,"date":"2026-02-25T17:18:08","date_gmt":"2026-02-25T22:18:08","guid":{"rendered":"https:\/\/elinformanteperu.com\/?p=146818"},"modified":"2026-02-25T17:18:08","modified_gmt":"2026-02-25T22:18:08","slug":"estos-son-los-integrantes-del-gabinete-ministerial-que-preside-denisse-miralles","status":"publish","type":"post","link":"https:\/\/elinformanteperu.com\/index.php\/2026\/02\/25\/estos-son-los-integrantes-del-gabinete-ministerial-que-preside-denisse-miralles\/","title":{"rendered":"Estos son los integrantes del gabinete ministerial que preside Denisse Miralles"},"content":{"rendered":"<p><span style=\"color: #000000;\"><strong>Lima, 25 de febrero 2026 (ANDINA).-<\/strong> Con 12 ministros de Estado nuevos, seis ratificados en sus cargos y con Denisse Miralles Miralles, exministra de Econom\u00eda y Finanzas, como titular de la Presidencia del Consejo de Ministros, qued\u00f3 conformado hoy el gabinete del presidente de la rep\u00fablica, Jos\u00e9 Mar\u00eda Balc\u00e1zar.<\/span><\/p>\n<p><span style=\"color: #000000;\">Los 19 ministros, incluyendo a la presidenta del Consejo de Ministros, acompa\u00f1ar\u00e1n en su gesti\u00f3n al nuevo mandatario, quien el pasado 18 del presente mes jur\u00f3 como jefe de Estado, luego de que este cargo quedara vacante tras la censura del congresista Jos\u00e9 Jer\u00ed, en respeto del orden constitucional.<\/span><\/p>\n<p><span style=\"color: #000000;\">Estos son los ministros que conforman el nuevo Gabinete ministerial:<\/span><\/p>\n<p><span style=\"color: #000000;\"><strong>&#8211; Presidente del Consejo de Ministros:<\/strong> Denisse Azucena Miralles Miralles (deja Econom\u00eda y Finanzas).<\/span><br \/>\n<span style=\"color: #000000;\"><strong>&#8211; Ministerio de Relaciones Exteriores:<\/strong> Hugo de Zela Mart\u00ednez (ratificado).<\/span><br \/>\n<span style=\"color: #000000;\"><strong>&#8211; Ministerio de Defensa:<\/strong> Luis Enrique Arroyo S\u00e1nchez. <\/span><br \/>\n<span style=\"color: #000000;\"><strong>&#8211; Ministerio de Econom\u00eda y Finanzas:<\/strong> Gerardo Arturo L\u00f3pez Gonzales.<\/span><br \/>\n<span style=\"color: #000000;\"><strong>&#8211; Ministerio del Interior:<\/strong> Hugo Alberto Begazo de Bedoya. <\/span><br \/>\n<span style=\"color: #000000;\"><strong>&#8211; Ministerio de Justicia y Derechos Humanos:<\/strong> Luis Enrique Jim\u00e9nez Borra.<\/span><br \/>\n<span style=\"color: #000000;\"><strong>&#8211; Ministerio de Salud:<\/strong> Luis Napole\u00f3n Quiroz Avil\u00e9s (ratificado).<\/span><br \/>\n<span style=\"color: #000000;\"><strong>&#8211; Ministerio de Desarrollo Agrario y Riego:<\/strong> Felipe C\u00e9sar Meza Mill\u00e1n. <\/span><br \/>\n<span style=\"color: #000000;\"><strong>&#8211; Ministerio de Trabajo y Promoci\u00f3n del Empleo:<\/strong> \u00d3scar Fausto Fern\u00e1ndez C\u00e1ceres (ratificado).<\/span><br \/>\n<span style=\"color: #000000;\"><strong>&#8211; Ministerio de Comercio Exterior y Turismo:<\/strong> Jos\u00e9 Fernando Reyes Llanos. <\/span><br \/>\n<span style=\"color: #000000;\"><strong>&#8211; Ministerio de Educaci\u00f3n:<\/strong> Erfurt Castillo Vera.<\/span><br \/>\n<span style=\"color: #000000;\"><strong>&#8211; Ministerio de la Producci\u00f3n:<\/strong> C\u00e9sar Quispe Luj\u00e1n (ratificado).<\/span><br \/>\n<span style=\"color: #000000;\"><strong>&#8211; Ministerio de Energ\u00eda y Minas:<\/strong> \u00c1ngelo Victorino Alfaro Lombardi.<\/span><br \/>\n<span style=\"color: #000000;\"><strong>&#8211; Ministerio de Transportes y Comunicaciones:<\/strong> Aldo Mart\u00edn Prieto Barrera (ratificado). <\/span><br \/>\n<span style=\"color: #000000;\"><strong>&#8211; Ministerio de Vivienda, Construcci\u00f3n y Saneamiento:<\/strong> Wilder Alejandro Sifuentes Quilcate (ratificado).<\/span><br \/>\n<span style=\"color: #000000;\"><strong>&#8211; Ministerio de la Mujer y Poblaciones Vulnerables:<\/strong> Hary Gloria Yzarra Trelles. <\/span><br \/>\n<span style=\"color: #000000;\"><strong>&#8211; Ministerio del Ambiente:<\/strong> Nelly Paredes del Castillo.<\/span><br \/>\n<span style=\"color: #000000;\"><strong>&#8211; Ministerio de Cultura:<\/strong> F\u00e1tima Soraya Altab\u00e1s Kajjat.<\/span><br \/>\n<span style=\"color: #000000;\"><strong>&#8211; Ministerio de Desarrollo e Inclusi\u00f3n Social:<\/strong> Lily Norka V\u00e1squez D\u00e1vila.<\/span><\/p>\n","protected":false},"excerpt":{"rendered":"<p>Lima, 25 de febrero 2026 (ANDINA).- Con 12 ministros de Estado nuevos, seis ratificados en sus cargos y con Denisse Miralles Miralles, exministra de Econom\u00eda y Finanzas, como titular de la Presidencia del Consejo de Ministros, qued\u00f3 conformado hoy el gabinete del presidente de la rep\u00fablica, Jos\u00e9 Mar\u00eda Balc\u00e1zar. Los 19 ministros, incluyendo a la [&hellip;]<\/p>\n","protected":false},"author":1,"featured_media":146819,"comment_status":"closed","ping_status":"closed","sticky":false,"template":"","format":"standard","meta":{"rop_custom_images_group":[],"rop_custom_messages_group":[],"rop_publish_now":"initial","rop_publish_now_accounts":[],"rop_publish_now_history":[],"rop_publish_now_status":"pending","footnotes":""},"categories":[5],"tags":[1421],"class_list":["post-146818","post","type-post","status-publish","format-standard","has-post-thumbnail","hentry","category-actualidad-informativa","tag-poder-ejecutivo"],"_links":{"self":[{"href":"https:\/\/elinformanteperu.com\/index.php\/wp-json\/wp\/v2\/posts\/146818","targetHints":{"allow":["GET"]}}],"collection":[{"href":"https:\/\/elinformanteperu.com\/index.php\/wp-json\/wp\/v2\/posts"}],"about":[{"href":"https:\/\/elinformanteperu.com\/index.php\/wp-json\/wp\/v2\/types\/post"}],"author":[{"embeddable":true,"href":"https:\/\/elinformanteperu.com\/index.php\/wp-json\/wp\/v2\/users\/1"}],"replies":[{"embeddable":true,"href":"https:\/\/elinformanteperu.com\/index.php\/wp-json\/wp\/v2\/comments?post=146818"}],"version-history":[{"count":1,"href":"https:\/\/elinformanteperu.com\/index.php\/wp-json\/wp\/v2\/posts\/146818\/revisions"}],"predecessor-version":[{"id":146820,"href":"https:\/\/elinformanteperu.com\/index.php\/wp-json\/wp\/v2\/posts\/146818\/revisions\/146820"}],"wp:featuredmedia":[{"embeddable":true,"href":"https:\/\/elinformanteperu.com\/index.php\/wp-json\/wp\/v2\/media\/146819"}],"wp:attachment":[{"href":"https:\/\/elinformanteperu.com\/index.php\/wp-json\/wp\/v2\/media?parent=146818"}],"wp:term":[{"taxonomy":"category","embeddable":true,"href":"https:\/\/elinformanteperu.com\/index.php\/wp-json\/wp\/v2\/categories?post=146818"},{"taxonomy":"post_tag","embeddable":true,"href":"https:\/\/elinformanteperu.com\/index.php\/wp-json\/wp\/v2\/tags?post=146818"}],"curies":[{"name":"wp","href":"https:\/\/api.w.org\/{rel}","templated":true}]}}