{"id":146744,"date":"2026-02-24T00:39:02","date_gmt":"2026-02-24T05:39:02","guid":{"rendered":"https:\/\/elinformanteperu.com\/?p=146744"},"modified":"2026-02-24T00:39:02","modified_gmt":"2026-02-24T05:39:02","slug":"senamhi-altas-temperaturas-en-costa-centro-y-sur-afectan-produccion-agricola","status":"publish","type":"post","link":"https:\/\/elinformanteperu.com\/index.php\/2026\/02\/24\/senamhi-altas-temperaturas-en-costa-centro-y-sur-afectan-produccion-agricola\/","title":{"rendered":"Senamhi: altas temperaturas en costa centro y sur afectan producci\u00f3n agr\u00edcola"},"content":{"rendered":"<p><strong><span style=\"color: #000000;\">Sobre todo en Tacna y Moquegua<\/span><\/strong><\/p>\n<p><span style=\"color: #000000;\"><strong>Lima, 23 de febrero 2026 (ANDINA).-<\/strong> Las temperaturas c\u00e1lidas registradas en los \u00faltimos d\u00edas en la costa centro y sur del pa\u00eds continuar\u00e1n afectando la producci\u00f3n agr\u00edcola, principalmente en localidades de Tacna y Moquegua, donde se prev\u00e9 que estas condiciones persistan en los pr\u00f3ximos d\u00edas, inform\u00f3 el Servicio Nacional de Meteorolog\u00eda e Hidrolog\u00eda del Per\u00fa (Senamhi), organismo adscrito al Ministerio del Ambiente (Minam).<\/span><\/p>\n<p><span style=\"color: #000000;\">Estas condiciones vienen generando impactos visibles en los cultivos, especialmente durante la etapa de fructificaci\u00f3n de diversas especies frutales.<\/span><\/p>\n<p><span style=\"color: #000000;\">Entre los da\u00f1os reportados se encuentran escaldaduras y deformaciones en frutos expuestos a la radiaci\u00f3n directa, as\u00ed como una maduraci\u00f3n acelerada que afecta la calidad comercial de productos como granada, palto, olivo y vid, entre otros.<\/span><\/p>\n<p><a href=\"https:\/\/elinformanteperu.com\/wp-content\/uploads\/2026\/02\/palta-cultivo1.webp\"><img fetchpriority=\"high\" decoding=\"async\" class=\"size-full wp-image-146746 aligncenter\" src=\"https:\/\/elinformanteperu.com\/wp-content\/uploads\/2026\/02\/palta-cultivo1.webp\" alt=\"\" width=\"500\" height=\"334\" srcset=\"https:\/\/elinformanteperu.com\/wp-content\/uploads\/2026\/02\/palta-cultivo1.webp 500w, https:\/\/elinformanteperu.com\/wp-content\/uploads\/2026\/02\/palta-cultivo1-300x200.webp 300w\" sizes=\"(max-width: 500px) 100vw, 500px\" \/><\/a><span style=\"color: #000000;\">De acuerdo con especialistas de la instituci\u00f3n, el incremento de las temperaturas tambi\u00e9n acelera la p\u00e9rdida de humedad del suelo en menor tiempo, lo que podr\u00eda limitar el crecimiento y desarrollo normal de los cultivos.<\/span><\/p>\n<p><span style=\"color: #000000;\">A este escenario se suma un mayor riesgo fitosanitario, ya que las condiciones c\u00e1lidas favorecen la aparici\u00f3n y propagaci\u00f3n de plagas, reduciendo a\u00fan m\u00e1s la calidad de la producci\u00f3n agr\u00edcola.<\/span><\/p>\n<p><strong><span style=\"color: #000000;\">Recomendaciones:<\/span><\/strong><\/p>\n<p><span style=\"color: #000000;\">&#8211; Realizar un control fitosanitario oportuno y permanente para mitigar el ataque de plagas.<\/span><br \/>\n<span style=\"color: #000000;\">&#8211; Evaluar constantemente la humedad del suelo y programar riegos en horarios adecuados.<\/span><br \/>\n<span style=\"color: #000000;\">&#8211; Implementar medidas que ayuden a reducir el riesgo de estr\u00e9s h\u00eddrico en los cultivos.<\/span><\/p>\n","protected":false},"excerpt":{"rendered":"<p>Sobre todo en Tacna y Moquegua Lima, 23 de febrero 2026 (ANDINA).- Las temperaturas c\u00e1lidas registradas en los \u00faltimos d\u00edas en la costa centro y sur del pa\u00eds continuar\u00e1n afectando la producci\u00f3n agr\u00edcola, principalmente en localidades de Tacna y Moquegua, donde se prev\u00e9 que estas condiciones persistan en los pr\u00f3ximos d\u00edas, inform\u00f3 el Servicio Nacional [&hellip;]<\/p>\n","protected":false},"author":1,"featured_media":146745,"comment_status":"closed","ping_status":"closed","sticky":false,"template":"","format":"standard","meta":{"rop_custom_images_group":[],"rop_custom_messages_group":[],"rop_publish_now":"initial","rop_publish_now_accounts":[],"rop_publish_now_history":[],"rop_publish_now_status":"pending","footnotes":""},"categories":[10],"tags":[368,367,514],"class_list":["post-146744","post","type-post","status-publish","format-standard","has-post-thumbnail","hentry","category-actualidad-municipal","tag-minam","tag-ministerio-del-ambiente","tag-senamhi"],"_links":{"self":[{"href":"https:\/\/elinformanteperu.com\/index.php\/wp-json\/wp\/v2\/posts\/146744","targetHints":{"allow":["GET"]}}],"collection":[{"href":"https:\/\/elinformanteperu.com\/index.php\/wp-json\/wp\/v2\/posts"}],"about":[{"href":"https:\/\/elinformanteperu.com\/index.php\/wp-json\/wp\/v2\/types\/post"}],"author":[{"embeddable":true,"href":"https:\/\/elinformanteperu.com\/index.php\/wp-json\/wp\/v2\/users\/1"}],"replies":[{"embeddable":true,"href":"https:\/\/elinformanteperu.com\/index.php\/wp-json\/wp\/v2\/comments?post=146744"}],"version-history":[{"count":1,"href":"https:\/\/elinformanteperu.com\/index.php\/wp-json\/wp\/v2\/posts\/146744\/revisions"}],"predecessor-version":[{"id":146747,"href":"https:\/\/elinformanteperu.com\/index.php\/wp-json\/wp\/v2\/posts\/146744\/revisions\/146747"}],"wp:featuredmedia":[{"embeddable":true,"href":"https:\/\/elinformanteperu.com\/index.php\/wp-json\/wp\/v2\/media\/146745"}],"wp:attachment":[{"href":"https:\/\/elinformanteperu.com\/index.php\/wp-json\/wp\/v2\/media?parent=146744"}],"wp:term":[{"taxonomy":"category","embeddable":true,"href":"https:\/\/elinformanteperu.com\/index.php\/wp-json\/wp\/v2\/categories?post=146744"},{"taxonomy":"post_tag","embeddable":true,"href":"https:\/\/elinformanteperu.com\/index.php\/wp-json\/wp\/v2\/tags?post=146744"}],"curies":[{"name":"wp","href":"https:\/\/api.w.org\/{rel}","templated":true}]}}