{"id":146692,"date":"2026-02-23T22:40:15","date_gmt":"2026-02-24T03:40:15","guid":{"rendered":"https:\/\/elinformanteperu.com\/?p=146692"},"modified":"2026-02-23T22:40:15","modified_gmt":"2026-02-24T03:40:15","slug":"paolo-guerrero-mi-liderazgo-siempre-va-a-ser-silencioso-en-alianza-lima","status":"publish","type":"post","link":"https:\/\/elinformanteperu.com\/index.php\/2026\/02\/23\/paolo-guerrero-mi-liderazgo-siempre-va-a-ser-silencioso-en-alianza-lima\/","title":{"rendered":"Paolo Guerrero: \u00abMi liderazgo siempre va a ser silencioso en Alianza Lima\u00bb"},"content":{"rendered":"<p><strong><span style=\"color: #000000;\">El delantero pidi\u00f3 disculpas por no patear el penal ante 2 de Mayo y anhela retirarse como campe\u00f3n nacional<\/span><\/strong><\/p>\n<p><span style=\"color: #000000;\"><strong>Lima, 22 de febrero 2026 (ANDINA).-<\/strong> El delantero Paolo Guerrero pidi\u00f3 disculpas por no patear el penal ante 2 de Mayo por Copa Libertadores y asegur\u00f3 que su liderazgo en Alianza Lima siempre ser\u00e1 silencioso; tambi\u00e9n reiter\u00f3 su deseo de que su nombre quede registrado en la historia del club \u00edntimo.<\/span><\/p>\n<p><span style=\"color: #000000;\">Han pasado d\u00edas desde ese momento en el que Guerrero no quiso patear el penal a favor de Alianza Lima ante 2 de Mayo, en el Alejandro Villanueva, que pudo cambiar la historia de la eliminaci\u00f3n de la Fase 2.<\/span><\/p>\n<p><span style=\"color: #000000;\">Los hinchas se mostraron molestos por la decisi\u00f3n del delantero de ceder el bal\u00f3n a Eryc Castillo, quien fall\u00f3 el remate desde los once metros.<\/span><\/p>\n<p><span style=\"color: #000000;\">Ante esa avalancha de comentarios, Paolo Guerrero se anim\u00f3 a hacer una autocr\u00edtica y pidi\u00f3 disculpas por negarse a afrontar ese momento decisivo.<\/span><\/p>\n<p><span style=\"color: #000000;\">\u00abPuede ser que err\u00e9 en la decisi\u00f3n y deb\u00ed patear ese penal ante 2 de Mayo. Me puse a pensar en el compa\u00f1ero que lo necesita tambi\u00e9n, porque yo necesito que todos mis compa\u00f1eros se sientan con confianza, que sobre todo los atacantes metamos goles, porque las ocasiones no se me presentan a m\u00ed solo, sino a todos\u00bb, dijo el goleador de 42 a\u00f1os.<\/span><\/p>\n<p><span style=\"color: #000000;\">Agreg\u00f3: \u00abPido disculpas, asumo mi responsabilidad y mi error. Puede ser que no sea el momento, pero trato de hacerlo siempre en pro del equipo y creo que el club est\u00e1 por encima de cualquier nombre y de cualquier jugador\u00bb.<\/span><\/p>\n<p><strong><span style=\"color: #000000;\">L\u00edder silencioso<\/span><\/strong><\/p>\n<p><span style=\"color: #000000;\">Con respecto al liderazgo que asume dentro del equipo por su rol de capit\u00e1n y de m\u00e1s experimentado, el delantero precis\u00f3 que siempre ser\u00e1 silencioso y jam\u00e1s usar\u00e1 las c\u00e1maras para decirlas.<\/span><\/p>\n<p><span style=\"color: #000000;\">\u00abMi liderazgo siempre va a ser silencioso. No voy pregonando ni diciendo \u2018soy el l\u00edder de este grupo\u2019 o \u2018soy el capit\u00e1n n\u00famero 1\u2019; no lo necesito. Si alguno est\u00e1 titubeando o le falta un apoyo m\u00e1s, hay que d\u00e1rselo en la cancha y no de la boca para afuera voy a las c\u00e1maras a decirlo, creo que eso no hace falta\u00bb, dijo a El Comercio.<\/span><\/p>\n<p><span style=\"color: #000000;\">Paolo Guerrero pidi\u00f3 a la hinchada que les transmita calma y tranquilidad al equipo en los partidos que juegan.<\/span><\/p>\n<p><span style=\"color: #000000;\">\u00abEl hincha lo que quiere es ver a Alianza ganar y para ello necesitamos que todo el grupo est\u00e9 enfocado y necesitamos el apoyo, que est\u00e9 con nosotros, que nos transmitan esa calma y tranquilidad desde Sur, Oriente, Norte y Occidente\u00bb.<\/span><\/p>\n<p><span style=\"color: #000000;\">Por \u00faltimo, dej\u00f3 en claro que desea que su nombre quede registrado en la historia del club y lo intentar\u00e1 hacer ganando el t\u00edtulo nacional en el \u00faltimo a\u00f1o como profesional de f\u00fatbol.<\/span><\/p>\n<p><span style=\"color: #000000;\">\u00abYo estoy a punto de terminar mi carrera profesional y lo \u00fanico que quiero es hacerlo de la mejor manera y c\u00f3mo se logra eso: consiguiendo el t\u00edtulo que tanto esperamos y que mi nombre quede registrado en la historia del club\u00bb, culmin\u00f3.<\/span><\/p>\n<p><a href=\"https:\/\/elinformanteperu.com\/wp-content\/uploads\/2025\/02\/paolo-guerrero-alianza5-1.jpg\"><img fetchpriority=\"high\" decoding=\"async\" class=\"size-large wp-image-136013 aligncenter\" src=\"https:\/\/elinformanteperu.com\/wp-content\/uploads\/2025\/02\/paolo-guerrero-alianza5-1-1024x683.jpg\" alt=\"\" width=\"615\" height=\"410\" srcset=\"https:\/\/elinformanteperu.com\/wp-content\/uploads\/2025\/02\/paolo-guerrero-alianza5-1-1024x683.jpg 1024w, https:\/\/elinformanteperu.com\/wp-content\/uploads\/2025\/02\/paolo-guerrero-alianza5-1-300x200.jpg 300w, https:\/\/elinformanteperu.com\/wp-content\/uploads\/2025\/02\/paolo-guerrero-alianza5-1-768x512.jpg 768w, https:\/\/elinformanteperu.com\/wp-content\/uploads\/2025\/02\/paolo-guerrero-alianza5-1-1536x1024.jpg 1536w, https:\/\/elinformanteperu.com\/wp-content\/uploads\/2025\/02\/paolo-guerrero-alianza5-1.jpg 1800w\" sizes=\"(max-width: 615px) 100vw, 615px\" \/><\/a><\/p>\n","protected":false},"excerpt":{"rendered":"<p>El delantero pidi\u00f3 disculpas por no patear el penal ante 2 de Mayo y anhela retirarse como campe\u00f3n nacional Lima, 22 de febrero 2026 (ANDINA).- El delantero Paolo Guerrero pidi\u00f3 disculpas por no patear el penal ante 2 de Mayo por Copa Libertadores y asegur\u00f3 que su liderazgo en Alianza Lima siempre ser\u00e1 silencioso; tambi\u00e9n [&hellip;]<\/p>\n","protected":false},"author":1,"featured_media":146693,"comment_status":"closed","ping_status":"closed","sticky":false,"template":"","format":"standard","meta":{"rop_custom_images_group":[],"rop_custom_messages_group":[],"rop_publish_now":"initial","rop_publish_now_accounts":[],"rop_publish_now_history":[],"rop_publish_now_status":"pending","footnotes":""},"categories":[8],"tags":[8690,203],"class_list":["post-146692","post","type-post","status-publish","format-standard","has-post-thumbnail","hentry","category-disciplinas-deportivas","tag-alianza-lima-2026","tag-paolo-guerrero"],"_links":{"self":[{"href":"https:\/\/elinformanteperu.com\/index.php\/wp-json\/wp\/v2\/posts\/146692","targetHints":{"allow":["GET"]}}],"collection":[{"href":"https:\/\/elinformanteperu.com\/index.php\/wp-json\/wp\/v2\/posts"}],"about":[{"href":"https:\/\/elinformanteperu.com\/index.php\/wp-json\/wp\/v2\/types\/post"}],"author":[{"embeddable":true,"href":"https:\/\/elinformanteperu.com\/index.php\/wp-json\/wp\/v2\/users\/1"}],"replies":[{"embeddable":true,"href":"https:\/\/elinformanteperu.com\/index.php\/wp-json\/wp\/v2\/comments?post=146692"}],"version-history":[{"count":1,"href":"https:\/\/elinformanteperu.com\/index.php\/wp-json\/wp\/v2\/posts\/146692\/revisions"}],"predecessor-version":[{"id":146694,"href":"https:\/\/elinformanteperu.com\/index.php\/wp-json\/wp\/v2\/posts\/146692\/revisions\/146694"}],"wp:featuredmedia":[{"embeddable":true,"href":"https:\/\/elinformanteperu.com\/index.php\/wp-json\/wp\/v2\/media\/146693"}],"wp:attachment":[{"href":"https:\/\/elinformanteperu.com\/index.php\/wp-json\/wp\/v2\/media?parent=146692"}],"wp:term":[{"taxonomy":"category","embeddable":true,"href":"https:\/\/elinformanteperu.com\/index.php\/wp-json\/wp\/v2\/categories?post=146692"},{"taxonomy":"post_tag","embeddable":true,"href":"https:\/\/elinformanteperu.com\/index.php\/wp-json\/wp\/v2\/tags?post=146692"}],"curies":[{"name":"wp","href":"https:\/\/api.w.org\/{rel}","templated":true}]}}