{"id":146641,"date":"2026-02-19T23:12:54","date_gmt":"2026-02-20T04:12:54","guid":{"rendered":"https:\/\/elinformanteperu.com\/?p=146641"},"modified":"2026-02-19T23:12:54","modified_gmt":"2026-02-20T04:12:54","slug":"amazonas-san-martin-y-ucayali-refuerzan-su-capacidad-tecnica-frente-a-incendios-forestales","status":"publish","type":"post","link":"https:\/\/elinformanteperu.com\/index.php\/2026\/02\/19\/amazonas-san-martin-y-ucayali-refuerzan-su-capacidad-tecnica-frente-a-incendios-forestales\/","title":{"rendered":"Amazonas, San Mart\u00edn y Ucayali refuerzan su capacidad t\u00e9cnica frente a incendios forestales"},"content":{"rendered":"<p><strong><span style=\"color: #000000;\">\u00b7 Sernanp y Asociaci\u00f3n En el Medio de Espa\u00f1a activan respuesta estrat\u00e9gica y formaci\u00f3n internacional especializada en zonas cr\u00edticas afectadas por incendios forestales.<\/span><\/strong><\/p>\n<p><span style=\"color: #000000;\"><strong>Lima, 19 de febrero 2026 (El Informante Per\u00fa).-<\/strong> El Servicio Nacional de \u00c1reas Naturales Protegidas por el Estado (Sernanp), organismo adscrito al Ministerio del Ambiente, activ\u00f3 una estrategia clave para convertir a sus propios guardaparques en instructores certificados y multiplicar la capacidad de respuesta ante incendios forestales en las zonas m\u00e1s vulnerables del pa\u00eds.<\/span><\/p>\n<p><span style=\"color: #000000;\">Personal de \u00e1reas naturales protegidas (ANP) y \u00e1reas de conservaci\u00f3n regional (ACR) de Amazonas, San Mart\u00edn y Ucayali participa en el primer curso de \u00abformaci\u00f3n de formadores\u00bb en incendios forestales desarrollado en el Per\u00fa, con asistencia t\u00e9cnica de la Asociaci\u00f3n En el Medio de Espa\u00f1a.<\/span><\/p>\n<p><span style=\"color: #000000;\">\u00abEstamos construyendo una red de instructores que permitir\u00e1 ampliar brigadas, mejorar la coordinaci\u00f3n regional y actuar con mayor eficiencia. La prevenci\u00f3n y la formaci\u00f3n t\u00e9cnica especializada son la herramienta m\u00e1s efectiva para reducir el impacto de los incendios forestales en nuestras \u00e1reas naturales protegidas\u00bb, sostuvo Jos\u00e9 Carlos Nieto Navarrete, presidente ejecutivo del Sernanp.<\/span><\/p>\n<p><span style=\"color: #000000;\">El curso tiene como objetivo fortalecer las capacidades t\u00e9cnicas y pedag\u00f3gicas del personal guardaparque, dot\u00e1ndolos de herramientas para dise\u00f1ar, impartir y evaluar procesos de capacitaci\u00f3n orientados a la prevenci\u00f3n, preparaci\u00f3n y respuesta de incendios forestales, cuyos contenidos se alinean al curso M-410 Instructor-Facilitador, del Sistema de Calificaci\u00f3n y Curr\u00edcula Estandarizada.<\/span><\/p>\n<p><a href=\"https:\/\/elinformanteperu.com\/wp-content\/uploads\/2026\/02\/sernanp-capacitacion1.jpeg\"><img fetchpriority=\"high\" decoding=\"async\" class=\"size-large wp-image-146643 aligncenter\" src=\"https:\/\/elinformanteperu.com\/wp-content\/uploads\/2026\/02\/sernanp-capacitacion1-1024x768.jpeg\" alt=\"\" width=\"615\" height=\"461\" srcset=\"https:\/\/elinformanteperu.com\/wp-content\/uploads\/2026\/02\/sernanp-capacitacion1-1024x768.jpeg 1024w, https:\/\/elinformanteperu.com\/wp-content\/uploads\/2026\/02\/sernanp-capacitacion1-300x225.jpeg 300w, https:\/\/elinformanteperu.com\/wp-content\/uploads\/2026\/02\/sernanp-capacitacion1-768x576.jpeg 768w, https:\/\/elinformanteperu.com\/wp-content\/uploads\/2026\/02\/sernanp-capacitacion1.jpeg 1280w\" sizes=\"(max-width: 615px) 100vw, 615px\" \/><\/a><span style=\"color: #000000;\">Se promueve la participaci\u00f3n del personal guardaparque de las \u00e1reas naturales protegidas del norte y oriente del pa\u00eds, as\u00ed tambi\u00e9n, en el marco de los convenios suscritos por el Sernanp con el Gobierno regional de Amazonas, San Mart\u00edn y Ucayali, se capacita al personal de las \u00e1reas de conservaci\u00f3n regional: Bosques Tropicales del Mara\u00f1\u00f3n, Cordillera Escalera, Boshumi, Imir\u00eda y Velo de la Novia. Para su desarrollo se cuenta con el apoyo del Proyecto ACR+ de Profonanpe.<\/span><\/p>\n<p><span style=\"color: #000000;\">Tras recibir esta capacitaci\u00f3n por parte de expertos espa\u00f1oles, los egresados de este taller dictar\u00e1n dos cursos para la conformaci\u00f3n de brigadas de apoyo, los cuales se realizan en coordinaci\u00f3n con la Gerencia Regional Forestal y de Fauna Silvestre del GORE Ucayali y los municipios de Coronel Portillo y Campo Verde.<\/span><\/p>\n<p><strong><span style=\"color: #000000;\">Alianza por la conservaci\u00f3n<\/span><\/strong><\/p>\n<p><span style=\"color: #000000;\">La alianza entre el Sernanp y la Asociaci\u00f3n En el Medio se mantiene desde 2018. A trav\u00e9s del Programa EPIs para el Per\u00fa se han entregado equipos de protecci\u00f3n e indumentaria ign\u00edfuga para reducir riesgos en campo.<\/span><\/p>\n<p><a href=\"https:\/\/elinformanteperu.com\/wp-content\/uploads\/2026\/02\/sernanp-capacitacion2.jpeg\"><img decoding=\"async\" class=\"size-large wp-image-146644 aligncenter\" src=\"https:\/\/elinformanteperu.com\/wp-content\/uploads\/2026\/02\/sernanp-capacitacion2-1024x768.jpeg\" alt=\"\" width=\"615\" height=\"461\" srcset=\"https:\/\/elinformanteperu.com\/wp-content\/uploads\/2026\/02\/sernanp-capacitacion2-1024x768.jpeg 1024w, https:\/\/elinformanteperu.com\/wp-content\/uploads\/2026\/02\/sernanp-capacitacion2-300x225.jpeg 300w, https:\/\/elinformanteperu.com\/wp-content\/uploads\/2026\/02\/sernanp-capacitacion2-768x576.jpeg 768w, https:\/\/elinformanteperu.com\/wp-content\/uploads\/2026\/02\/sernanp-capacitacion2.jpeg 1280w\" sizes=\"(max-width: 615px) 100vw, 615px\" \/><\/a><\/p>\n","protected":false},"excerpt":{"rendered":"<p>\u00b7 Sernanp y Asociaci\u00f3n En el Medio de Espa\u00f1a activan respuesta estrat\u00e9gica y formaci\u00f3n internacional especializada en zonas cr\u00edticas afectadas por incendios forestales. Lima, 19 de febrero 2026 (El Informante Per\u00fa).- El Servicio Nacional de \u00c1reas Naturales Protegidas por el Estado (Sernanp), organismo adscrito al Ministerio del Ambiente, activ\u00f3 una estrategia clave para convertir a [&hellip;]<\/p>\n","protected":false},"author":1,"featured_media":146642,"comment_status":"closed","ping_status":"closed","sticky":false,"template":"","format":"standard","meta":{"rop_custom_images_group":[],"rop_custom_messages_group":[],"rop_publish_now":"initial","rop_publish_now_accounts":[],"rop_publish_now_history":[],"rop_publish_now_status":"pending","footnotes":""},"categories":[10],"tags":[103],"class_list":["post-146641","post","type-post","status-publish","format-standard","has-post-thumbnail","hentry","category-actualidad-municipal","tag-sernanp"],"_links":{"self":[{"href":"https:\/\/elinformanteperu.com\/index.php\/wp-json\/wp\/v2\/posts\/146641","targetHints":{"allow":["GET"]}}],"collection":[{"href":"https:\/\/elinformanteperu.com\/index.php\/wp-json\/wp\/v2\/posts"}],"about":[{"href":"https:\/\/elinformanteperu.com\/index.php\/wp-json\/wp\/v2\/types\/post"}],"author":[{"embeddable":true,"href":"https:\/\/elinformanteperu.com\/index.php\/wp-json\/wp\/v2\/users\/1"}],"replies":[{"embeddable":true,"href":"https:\/\/elinformanteperu.com\/index.php\/wp-json\/wp\/v2\/comments?post=146641"}],"version-history":[{"count":1,"href":"https:\/\/elinformanteperu.com\/index.php\/wp-json\/wp\/v2\/posts\/146641\/revisions"}],"predecessor-version":[{"id":146645,"href":"https:\/\/elinformanteperu.com\/index.php\/wp-json\/wp\/v2\/posts\/146641\/revisions\/146645"}],"wp:featuredmedia":[{"embeddable":true,"href":"https:\/\/elinformanteperu.com\/index.php\/wp-json\/wp\/v2\/media\/146642"}],"wp:attachment":[{"href":"https:\/\/elinformanteperu.com\/index.php\/wp-json\/wp\/v2\/media?parent=146641"}],"wp:term":[{"taxonomy":"category","embeddable":true,"href":"https:\/\/elinformanteperu.com\/index.php\/wp-json\/wp\/v2\/categories?post=146641"},{"taxonomy":"post_tag","embeddable":true,"href":"https:\/\/elinformanteperu.com\/index.php\/wp-json\/wp\/v2\/tags?post=146641"}],"curies":[{"name":"wp","href":"https:\/\/api.w.org\/{rel}","templated":true}]}}