{"id":146633,"date":"2026-02-19T23:01:01","date_gmt":"2026-02-20T04:01:01","guid":{"rendered":"https:\/\/elinformanteperu.com\/?p=146633"},"modified":"2026-02-19T23:01:53","modified_gmt":"2026-02-20T04:01:53","slug":"tragico-desenlace-lluvias-intensas-en-arequipa-cobran-la-vida-de-dos-personas","status":"publish","type":"post","link":"https:\/\/elinformanteperu.com\/index.php\/2026\/02\/19\/tragico-desenlace-lluvias-intensas-en-arequipa-cobran-la-vida-de-dos-personas\/","title":{"rendered":"Tr\u00e1gico desenlace: lluvias intensas en Arequipa cobran la vida de dos personas"},"content":{"rendered":"<p><strong><span style=\"color: #000000;\">Esta tarde, la ciudad soport\u00f3 una precipitaci\u00f3n pluvial acompa\u00f1ada de tormenta el\u00e9ctrica<\/span><\/strong><\/p>\n<p><span style=\"color: #000000;\"><strong>Arequipa, 19 de febrero 2026 (ANDINA).<\/strong>&#8211; Dos personas perdieron la vida a consecuencia de las lluvias intensas registradas esta tarde en la ciudad Arequipa, seg\u00fan el reporte preliminar de la Plataforma Regional de Defensa Civil.<\/span><\/p>\n<p><span style=\"color: #000000;\">La primera v\u00edctima fue reportada desde el distrito de Cayma. Se trata de una dama de la tercera edad que fue arrastrada por las aguas pluviales tras el ingreso de una torrentera (quebrada seca), a la altura de la asociaci\u00f3n Milagros.<\/span><\/p>\n<p><span style=\"color: #000000;\">Un var\u00f3n de unos 42 a\u00f1os fue la segunda v\u00edctima, quien perdi\u00f3 la vida tras ser impactado, presuntamente, por un rayo en el distrito de Uchumayo.<\/span><\/p>\n<p><span style=\"color: #000000;\">Los integrantes de la Plataforma Regional de Defensa Civil, que preside el gobernador regional de Arequipa, Rohel S\u00e1nchez Sanchez, se reunieron de emergencia para conocer la situaci\u00f3n de la ciudad y asumir acciones inmediatas.<\/span><\/p>\n<p><span style=\"color: #000000;\">El gobernador inform\u00f3 que se acord\u00f3 poner a disposici\u00f3n del Centro de Operaciones de Emergencia Regional (COER) toda la maquinaria pesada de la Gerencia Regional de Transportes y Comunicaciones, as\u00ed como de la Gerencia Regional de Infraestructura, para limpiar las viviendas y las v\u00edas que fueron inundadas por las aguas pluviales.<\/span><\/p>\n<p><span style=\"color: #000000;\">En la reuni\u00f3n se coordin\u00f3 con las autoridades de laTercera Regi\u00f3n Militar para que personal de la compa\u00f1\u00eda de Intervenci\u00f3n R\u00e1pida apoye en las labores de limpieza y rehabilitaci\u00f3n.<\/span><\/p>\n<p><strong><span style=\"color: #000000;\">Monitoreo<\/span><\/strong><\/p>\n<p><span style=\"color: #000000;\">Por su parte, el jefe de la Direcci\u00f3n Desconcentrada del Instituto Nacional de Defensa Civil (Indeci) Arequipa, Carlos Nacarino, refiri\u00f3 que los gobiernos locales son las entidades del primer nivel de atenci\u00f3n en casos de emergencia en su jurisdicci\u00f3n, labor que pueden coordinar con la municipalidad provincial si la situaci\u00f3n lo amerita y pueden acudir al Gore si la emergencia sobrepasa su capacidad de atenci\u00f3n.<\/span><\/p>\n<p><span style=\"color: #000000;\">Las autoridades de la Plataforma de Defensa Civil contin\u00faan monitoreando y recibiendo informaci\u00f3n sobre los da\u00f1os que ha ocasionado la lluvia intensa registrada esta tarde en la ciudad de Arequipa, a fin de coordinar la atenci\u00f3n pertinente.<\/span><\/p>\n<blockquote class=\"twitter-tweet\" data-media-max-width=\"560\">\n<p dir=\"ltr\" lang=\"es\">\u00a1Alerta en Arequipa! \ud83c\udf27\ufe0f Se registran inundaciones en Cayma, Cerro Colorado y Yanahuara tras el colapso de torrenteras por intensas lluvias. Primeros reportes alertan de inundaci\u00f3n en el terminal terrestre en una universidad privada y varias viviendas \ud83c\udfe0. <a href=\"https:\/\/t.co\/ytiJYWEPz3\">https:\/\/t.co\/ytiJYWEPz3<\/a> <a href=\"https:\/\/t.co\/mUTSViNi6V\">pic.twitter.com\/mUTSViNi6V<\/a><\/p>\n<p>\u2014 Agencia Andina (@Agencia_Andina) <a href=\"https:\/\/twitter.com\/Agencia_Andina\/status\/2024642535906255235?ref_src=twsrc%5Etfw\">February 20, 2026<\/a><\/p><\/blockquote>\n<p><script async src=\"https:\/\/platform.twitter.com\/widgets.js\" charset=\"utf-8\"><\/script><\/p>\n","protected":false},"excerpt":{"rendered":"<p>Esta tarde, la ciudad soport\u00f3 una precipitaci\u00f3n pluvial acompa\u00f1ada de tormenta el\u00e9ctrica Arequipa, 19 de febrero 2026 (ANDINA).&#8211; Dos personas perdieron la vida a consecuencia de las lluvias intensas registradas esta tarde en la ciudad Arequipa, seg\u00fan el reporte preliminar de la Plataforma Regional de Defensa Civil. La primera v\u00edctima fue reportada desde el distrito [&hellip;]<\/p>\n","protected":false},"author":1,"featured_media":146634,"comment_status":"closed","ping_status":"closed","sticky":false,"template":"","format":"standard","meta":{"rop_custom_images_group":[],"rop_custom_messages_group":[],"rop_publish_now":"initial","rop_publish_now_accounts":[],"rop_publish_now_history":[],"rop_publish_now_status":"pending","footnotes":""},"categories":[10],"tags":[769,1276],"class_list":["post-146633","post","type-post","status-publish","format-standard","has-post-thumbnail","hentry","category-actualidad-municipal","tag-arequipa","tag-lluvias"],"_links":{"self":[{"href":"https:\/\/elinformanteperu.com\/index.php\/wp-json\/wp\/v2\/posts\/146633","targetHints":{"allow":["GET"]}}],"collection":[{"href":"https:\/\/elinformanteperu.com\/index.php\/wp-json\/wp\/v2\/posts"}],"about":[{"href":"https:\/\/elinformanteperu.com\/index.php\/wp-json\/wp\/v2\/types\/post"}],"author":[{"embeddable":true,"href":"https:\/\/elinformanteperu.com\/index.php\/wp-json\/wp\/v2\/users\/1"}],"replies":[{"embeddable":true,"href":"https:\/\/elinformanteperu.com\/index.php\/wp-json\/wp\/v2\/comments?post=146633"}],"version-history":[{"count":2,"href":"https:\/\/elinformanteperu.com\/index.php\/wp-json\/wp\/v2\/posts\/146633\/revisions"}],"predecessor-version":[{"id":146636,"href":"https:\/\/elinformanteperu.com\/index.php\/wp-json\/wp\/v2\/posts\/146633\/revisions\/146636"}],"wp:featuredmedia":[{"embeddable":true,"href":"https:\/\/elinformanteperu.com\/index.php\/wp-json\/wp\/v2\/media\/146634"}],"wp:attachment":[{"href":"https:\/\/elinformanteperu.com\/index.php\/wp-json\/wp\/v2\/media?parent=146633"}],"wp:term":[{"taxonomy":"category","embeddable":true,"href":"https:\/\/elinformanteperu.com\/index.php\/wp-json\/wp\/v2\/categories?post=146633"},{"taxonomy":"post_tag","embeddable":true,"href":"https:\/\/elinformanteperu.com\/index.php\/wp-json\/wp\/v2\/tags?post=146633"}],"curies":[{"name":"wp","href":"https:\/\/api.w.org\/{rel}","templated":true}]}}