{"id":146624,"date":"2026-02-19T22:52:32","date_gmt":"2026-02-20T03:52:32","guid":{"rendered":"https:\/\/elinformanteperu.com\/?p=146624"},"modified":"2026-02-19T22:52:32","modified_gmt":"2026-02-20T03:52:32","slug":"mincetur-coordino-atencion-a-turistas-suizos-ante-huaico-que-bloqueo-panamericana-sur","status":"publish","type":"post","link":"https:\/\/elinformanteperu.com\/index.php\/2026\/02\/19\/mincetur-coordino-atencion-a-turistas-suizos-ante-huaico-que-bloqueo-panamericana-sur\/","title":{"rendered":"Mincetur coordin\u00f3 atenci\u00f3n a turistas suizos ante huaico que bloque\u00f3 Panamericana Sur"},"content":{"rendered":"<p><strong><span style=\"color: #000000;\">La Polic\u00eda de Carreteras y autoridades competentes realizan el seguimiento del caso<\/span><\/strong><\/p>\n<p><span style=\"color: #000000;\"><strong>Lima, 19 de febrero 2026 (ANDINA).-<\/strong> Ante la interrupci\u00f3n del tr\u00e1nsito en el kil\u00f3metro 532 de la carretera Panamericana Sur, a la altura del puente de Lomas, regi\u00f3n Arequipa, debido a un huaico, y que afect\u00f3 a ocho turistas de nacionalidad suiza, el Ministerio de Comercio Exterior y Turismo (Mincetur) coordin\u00f3 de inmediato con las autoridades competentes para brindarle protecci\u00f3n.<\/span><\/p>\n<p><span style=\"color: #000000;\">A trav\u00e9s de la Red de Protecci\u00f3n al Turista, el Mincetur activ\u00f3 de inmediato las coordinaciones con la Polic\u00eda de Carreteras y las autoridades para atender la situaci\u00f3n y realizar el seguimiento permanente del caso.<\/span><\/p>\n<p><span style=\"color: #000000;\">Inform\u00f3 que ya se ha liberado un carril de la carretera que se encontraba bloqueada por el huaico, y los veh\u00edculos est\u00e1n circulando en forma alternada, dirigidos por la Polic\u00eda de Carreteras.<\/span><\/p>\n<p><span style=\"color: #000000;\">Asimismo, el Mincetur indica que en caso de requerirse y ante situaciones de suma urgencia, se brindar\u00e1 apoyo para el traslado de los turistas o pasajeros hasta el centro de salud de Nasca.<\/span><\/p>\n<p><a href=\"https:\/\/elinformanteperu.com\/wp-content\/uploads\/2026\/02\/huaico11.jpg\"><img fetchpriority=\"high\" decoding=\"async\" class=\"size-full wp-image-146626 aligncenter\" src=\"https:\/\/elinformanteperu.com\/wp-content\/uploads\/2026\/02\/huaico11.jpg\" alt=\"\" width=\"500\" height=\"334\" srcset=\"https:\/\/elinformanteperu.com\/wp-content\/uploads\/2026\/02\/huaico11.jpg 500w, https:\/\/elinformanteperu.com\/wp-content\/uploads\/2026\/02\/huaico11-300x200.jpg 300w\" sizes=\"(max-width: 500px) 100vw, 500px\" \/><\/a><\/p>\n","protected":false},"excerpt":{"rendered":"<p>La Polic\u00eda de Carreteras y autoridades competentes realizan el seguimiento del caso Lima, 19 de febrero 2026 (ANDINA).- Ante la interrupci\u00f3n del tr\u00e1nsito en el kil\u00f3metro 532 de la carretera Panamericana Sur, a la altura del puente de Lomas, regi\u00f3n Arequipa, debido a un huaico, y que afect\u00f3 a ocho turistas de nacionalidad suiza, el [&hellip;]<\/p>\n","protected":false},"author":1,"featured_media":146625,"comment_status":"closed","ping_status":"closed","sticky":false,"template":"","format":"standard","meta":{"rop_custom_images_group":[],"rop_custom_messages_group":[],"rop_publish_now":"initial","rop_publish_now_accounts":[],"rop_publish_now_history":[],"rop_publish_now_status":"pending","footnotes":""},"categories":[10],"tags":[],"class_list":["post-146624","post","type-post","status-publish","format-standard","has-post-thumbnail","hentry","category-actualidad-municipal"],"_links":{"self":[{"href":"https:\/\/elinformanteperu.com\/index.php\/wp-json\/wp\/v2\/posts\/146624","targetHints":{"allow":["GET"]}}],"collection":[{"href":"https:\/\/elinformanteperu.com\/index.php\/wp-json\/wp\/v2\/posts"}],"about":[{"href":"https:\/\/elinformanteperu.com\/index.php\/wp-json\/wp\/v2\/types\/post"}],"author":[{"embeddable":true,"href":"https:\/\/elinformanteperu.com\/index.php\/wp-json\/wp\/v2\/users\/1"}],"replies":[{"embeddable":true,"href":"https:\/\/elinformanteperu.com\/index.php\/wp-json\/wp\/v2\/comments?post=146624"}],"version-history":[{"count":1,"href":"https:\/\/elinformanteperu.com\/index.php\/wp-json\/wp\/v2\/posts\/146624\/revisions"}],"predecessor-version":[{"id":146627,"href":"https:\/\/elinformanteperu.com\/index.php\/wp-json\/wp\/v2\/posts\/146624\/revisions\/146627"}],"wp:featuredmedia":[{"embeddable":true,"href":"https:\/\/elinformanteperu.com\/index.php\/wp-json\/wp\/v2\/media\/146625"}],"wp:attachment":[{"href":"https:\/\/elinformanteperu.com\/index.php\/wp-json\/wp\/v2\/media?parent=146624"}],"wp:term":[{"taxonomy":"category","embeddable":true,"href":"https:\/\/elinformanteperu.com\/index.php\/wp-json\/wp\/v2\/categories?post=146624"},{"taxonomy":"post_tag","embeddable":true,"href":"https:\/\/elinformanteperu.com\/index.php\/wp-json\/wp\/v2\/tags?post=146624"}],"curies":[{"name":"wp","href":"https:\/\/api.w.org\/{rel}","templated":true}]}}