{"id":146619,"date":"2026-02-19T22:49:38","date_gmt":"2026-02-20T03:49:38","guid":{"rendered":"https:\/\/elinformanteperu.com\/?p=146619"},"modified":"2026-02-19T22:49:38","modified_gmt":"2026-02-20T03:49:38","slug":"desborde-de-quebradas-alarma-a-poblacion-arequipena-que-soporto-intensa-lluvia","status":"publish","type":"post","link":"https:\/\/elinformanteperu.com\/index.php\/2026\/02\/19\/desborde-de-quebradas-alarma-a-poblacion-arequipena-que-soporto-intensa-lluvia\/","title":{"rendered":"Desborde de quebradas alarma a poblaci\u00f3n arequipe\u00f1a que soport\u00f3 intensa lluvia"},"content":{"rendered":"<p><strong><span style=\"color: #000000;\">Alrededor de las 15:00 horas de hoy se iniciaron las precipitaciones acompa\u00f1adas de truenos y rel\u00e1mpagos<\/span><\/strong><\/p>\n<p><span style=\"color: #000000;\"><strong>Arequipa, 19 de febrero 2026 (ANDINA).-<\/strong> La ciudad de Arequipa soport\u00f3 una intensa lluvia acompa\u00f1ada de truenos y rel\u00e1mpagos, condici\u00f3n climatol\u00f3gica que provoc\u00f3 temor entre la poblaci\u00f3n. Todas las quebradas secas de la ciudad se activaron y gran cantidad de aguas pluviales discurren por calles y avenidas de Arequipa.<\/span><\/p>\n<p><span style=\"color: #000000;\">La torrentera de la avenida Los Incas se desbord\u00f3 a la altura de la universidad Continental, donde dos autos quedaron varados por la gran cantidad de lodo y piedras.<\/span><\/p>\n<p><span style=\"color: #000000;\">Personal de la Polic\u00eda Nacional ya se encuentra en la zona y restringi\u00f3 el tr\u00e1nsito vehicular en la zona, a fin de prevenir otros incidentes.<\/span><\/p>\n<p><span style=\"color: #000000;\">En el terminal terrestre y terrapuerto de Arequipa, las aguas pluviales ingresaron a estos locales inundando los pisos y afectando a los comerciantes, empresas de transporte y usuarios.<\/span><\/p>\n<p><span style=\"color: #000000;\">Ambos terminales suspendieron temporalmente la atenci\u00f3n al p\u00fablico y la salida de buses debido a la emergencia que se vive en el lugar.<\/span><\/p>\n<p><a href=\"https:\/\/elinformanteperu.com\/wp-content\/uploads\/2026\/02\/arequipa-desborde-lluvia1-e1771559316806.webp\"><img fetchpriority=\"high\" decoding=\"async\" class=\"size-full wp-image-146621 aligncenter\" src=\"https:\/\/elinformanteperu.com\/wp-content\/uploads\/2026\/02\/arequipa-desborde-lluvia1-e1771559316806.webp\" alt=\"\" width=\"244\" height=\"334\" srcset=\"https:\/\/elinformanteperu.com\/wp-content\/uploads\/2026\/02\/arequipa-desborde-lluvia1-e1771559316806.webp 244w, https:\/\/elinformanteperu.com\/wp-content\/uploads\/2026\/02\/arequipa-desborde-lluvia1-e1771559316806-219x300.webp 219w\" sizes=\"(max-width: 244px) 100vw, 244px\" \/><\/a><span style=\"color: #000000;\">En diferentes distritos de la ciudad colapsaron los buzones, se inundaci\u00f3n viviendas y hubo corte del fluido el\u00e9ctrico, entre otras emergencias que son atendidas por las autoridades locales.<\/span><\/p>\n<p><span style=\"color: #000000;\">Las lluvias se iniciaron alrededor de las 15:00 horas en distritos como Chiguata y Polobaya (parte alta de la ciudad), minutos despu\u00e9s la precipitaci\u00f3n pluvial lleg\u00f3 a otras jurisdicciones como Paucarpata, Socabaya, Mariano Melgar, Miraflores Cercado y alrededores.<\/span><\/p>\n<p><span style=\"color: #000000;\">En las provincias de Castilla, Condesuyos y La Uni\u00f3n tambi\u00e9n se reportaron lluvias intensas la tarde hoy, cuyas aguas pluviales han afectado infraestructura vial y agr\u00edcola.<\/span><\/p>\n<p><span style=\"color: #000000;\">En tanto, el Senamhi emiti\u00f3 un nuevo aviso meteorol\u00f3gico advirtiendo lluvias intensas en los valles interandinos y costeros desde hoy hasta el s\u00e1bado.<\/span><\/p>\n<p><a href=\"https:\/\/elinformanteperu.com\/wp-content\/uploads\/2026\/02\/arequipa-desborde-lluvia2-e1771559362358.webp\"><img decoding=\"async\" class=\"size-full wp-image-146622 aligncenter\" src=\"https:\/\/elinformanteperu.com\/wp-content\/uploads\/2026\/02\/arequipa-desborde-lluvia2-e1771559362358.webp\" alt=\"\" width=\"242\" height=\"334\" srcset=\"https:\/\/elinformanteperu.com\/wp-content\/uploads\/2026\/02\/arequipa-desborde-lluvia2-e1771559362358.webp 242w, https:\/\/elinformanteperu.com\/wp-content\/uploads\/2026\/02\/arequipa-desborde-lluvia2-e1771559362358-217x300.webp 217w\" sizes=\"(max-width: 242px) 100vw, 242px\" \/><\/a><\/p>\n","protected":false},"excerpt":{"rendered":"<p>Alrededor de las 15:00 horas de hoy se iniciaron las precipitaciones acompa\u00f1adas de truenos y rel\u00e1mpagos Arequipa, 19 de febrero 2026 (ANDINA).- La ciudad de Arequipa soport\u00f3 una intensa lluvia acompa\u00f1ada de truenos y rel\u00e1mpagos, condici\u00f3n climatol\u00f3gica que provoc\u00f3 temor entre la poblaci\u00f3n. Todas las quebradas secas de la ciudad se activaron y gran cantidad [&hellip;]<\/p>\n","protected":false},"author":1,"featured_media":146620,"comment_status":"closed","ping_status":"closed","sticky":false,"template":"","format":"standard","meta":{"rop_custom_images_group":[],"rop_custom_messages_group":[],"rop_publish_now":"initial","rop_publish_now_accounts":[],"rop_publish_now_history":[],"rop_publish_now_status":"pending","footnotes":""},"categories":[10],"tags":[769,1276],"class_list":["post-146619","post","type-post","status-publish","format-standard","has-post-thumbnail","hentry","category-actualidad-municipal","tag-arequipa","tag-lluvias"],"_links":{"self":[{"href":"https:\/\/elinformanteperu.com\/index.php\/wp-json\/wp\/v2\/posts\/146619","targetHints":{"allow":["GET"]}}],"collection":[{"href":"https:\/\/elinformanteperu.com\/index.php\/wp-json\/wp\/v2\/posts"}],"about":[{"href":"https:\/\/elinformanteperu.com\/index.php\/wp-json\/wp\/v2\/types\/post"}],"author":[{"embeddable":true,"href":"https:\/\/elinformanteperu.com\/index.php\/wp-json\/wp\/v2\/users\/1"}],"replies":[{"embeddable":true,"href":"https:\/\/elinformanteperu.com\/index.php\/wp-json\/wp\/v2\/comments?post=146619"}],"version-history":[{"count":1,"href":"https:\/\/elinformanteperu.com\/index.php\/wp-json\/wp\/v2\/posts\/146619\/revisions"}],"predecessor-version":[{"id":146623,"href":"https:\/\/elinformanteperu.com\/index.php\/wp-json\/wp\/v2\/posts\/146619\/revisions\/146623"}],"wp:featuredmedia":[{"embeddable":true,"href":"https:\/\/elinformanteperu.com\/index.php\/wp-json\/wp\/v2\/media\/146620"}],"wp:attachment":[{"href":"https:\/\/elinformanteperu.com\/index.php\/wp-json\/wp\/v2\/media?parent=146619"}],"wp:term":[{"taxonomy":"category","embeddable":true,"href":"https:\/\/elinformanteperu.com\/index.php\/wp-json\/wp\/v2\/categories?post=146619"},{"taxonomy":"post_tag","embeddable":true,"href":"https:\/\/elinformanteperu.com\/index.php\/wp-json\/wp\/v2\/tags?post=146619"}],"curies":[{"name":"wp","href":"https:\/\/api.w.org\/{rel}","templated":true}]}}