{"id":14659,"date":"2017-08-20T14:31:45","date_gmt":"2017-08-20T19:31:45","guid":{"rendered":"http:\/\/elinformanteperu.com\/?p=14659"},"modified":"2017-08-20T14:31:45","modified_gmt":"2017-08-20T19:31:45","slug":"huelga-de-maestros-minedu-logra-preacuerdo-que-sera-evaluado-por-docentes","status":"publish","type":"post","link":"https:\/\/elinformanteperu.com\/index.php\/2017\/08\/20\/huelga-de-maestros-minedu-logra-preacuerdo-que-sera-evaluado-por-docentes\/","title":{"rendered":"Huelga de maestros: Minedu logra preacuerdo que ser\u00e1 evaluado por docentes"},"content":{"rendered":"<p><strong><span style=\"color: #000000;\">La reuni\u00f3n entre la ministra de Educaci\u00f3n, Maril\u00fa Martens, y los dirigentes de los gremios docentes, concluy\u00f3 con un preacuerdo que ser\u00e1 consultado con las bases regionales.<\/span><\/strong><\/p>\n<p><span style=\"color: #000000;\"><strong>Lima, 20 Agosto 2017, (ANDINA).-<\/strong> La reuni\u00f3n entre la ministra de Educaci\u00f3n, Maril\u00fa Martens, y los dirigentes de los gremios docentes, concluy\u00f3 con un preacuerdo que ser\u00e1 consultado con las bases regionales, a fin de determinar si suscriben el documento y ponen fin a la huelga que vienen acatando.<\/span><\/p>\n<p><span style=\"color: #000000;\">Tras varias horas de negociaci\u00f3n en la sede del Ministerio de Educaci\u00f3n, la ministra inform\u00f3 que, si los docentes aprueban el acta y dan su conformidad, este domingo a las 17:00 horas se firmar\u00e1 el documento para poder reiniciar las clases a partir del lunes.<\/span><\/p>\n<p><span style=\"color: #000000;\">\u00abHemos trabajado todos los puntos, hemos llegado a acuerdos y los dirigentes han pedido regresar a sus bases para consultar con todos los profesores y poder venir este domingo a las cinco y, finalmente, trabajar para que regresen a sus regiones y restaurar el servicio escolar el lunes\u00bb, refiri\u00f3.<\/span><\/p>\n<p><span style=\"color: #000000;\">Precis\u00f3 que entre los preacuerdos figura, por ejemplo, que el anunciado aumento salarial a S\/ 2,000 ser\u00e1 adelantado para noviembre, de manera que los maestros ya no tendr\u00e1n que esperar a fin de a\u00f1o para percibir este incremento en su remuneraci\u00f3n b\u00e1sica.<\/span><\/p>\n<p><span style=\"color: #000000;\">Asimismo, hubo algunos puntos en com\u00fan relativos a las evaluaciones y a los beneficios para los profesores contratados y nombrados, detall\u00f3 Maril\u00fa Martens, al tiempo de exhortar a los maestros a reanudar las clases para no seguir perjudicando a los alumnos.<\/span><\/p>\n<p><span style=\"color: #000000;\">Seg\u00fan mencion\u00f3, tambi\u00e9n se lleg\u00f3 a acuerdos relativos a la homologaci\u00f3n de directores de colegios que laboran bajo reg\u00edmenes distintos, adem\u00e1s de un incremento a 200 millones de soles para atender la \u00abdeuda social\u00bb que se tiene con los maestros.<\/span><\/p>\n<p><span style=\"color: #000000;\">Ratific\u00f3, asimismo, que las evaluaciones a las que se busca someter a los profesores no tendr\u00e1n car\u00e1cter punitivo, sino formativo, es decir, con ello se busca fortalecer sus competencias, e incluso permitirles ascender en la carrera p\u00fablica magisterial.<\/span><\/p>\n<p><span style=\"color: #000000;\">Para ello, a\u00f1adi\u00f3 Maril\u00fa Martens, habr\u00e1 una capacitaci\u00f3n previa, a fin de que el personal docente pueda llegar a la evaluaci\u00f3n con las competencias suficientes que le permita rendir con \u00e9xito dicha prueba.<\/span><\/p>\n<p><span style=\"color: #000000;\">\u00abEstos son algunos de los avances que hemos tenido. Hemos trabajado juntos por la valoraci\u00f3n de nuestros docentes, hemos atendido las demandas, hemos escuchado, y hay un avance important\u00edsimo\u00bb, apunt\u00f3 la titular del Minedu.<\/span><\/p>\n","protected":false},"excerpt":{"rendered":"<p>La reuni\u00f3n entre la ministra de Educaci\u00f3n, Maril\u00fa Martens, y los dirigentes de los gremios docentes, concluy\u00f3 con un preacuerdo que ser\u00e1 consultado con las bases regionales. Lima, 20 Agosto 2017, (ANDINA).- La reuni\u00f3n entre la ministra de Educaci\u00f3n, Maril\u00fa Martens, y los dirigentes de los gremios docentes, concluy\u00f3 con un preacuerdo que ser\u00e1 consultado [&hellip;]<\/p>\n","protected":false},"author":1,"featured_media":2880,"comment_status":"open","ping_status":"open","sticky":false,"template":"","format":"standard","meta":{"rop_custom_images_group":[],"rop_custom_messages_group":[],"rop_publish_now":"initial","rop_publish_now_accounts":[],"rop_publish_now_history":[],"rop_publish_now_status":"pending","footnotes":""},"categories":[5],"tags":[567,328],"class_list":["post-14659","post","type-post","status-publish","format-standard","has-post-thumbnail","hentry","category-actualidad-informativa","tag-marilu-martens","tag-ministerio-de-de-educacion"],"_links":{"self":[{"href":"https:\/\/elinformanteperu.com\/index.php\/wp-json\/wp\/v2\/posts\/14659","targetHints":{"allow":["GET"]}}],"collection":[{"href":"https:\/\/elinformanteperu.com\/index.php\/wp-json\/wp\/v2\/posts"}],"about":[{"href":"https:\/\/elinformanteperu.com\/index.php\/wp-json\/wp\/v2\/types\/post"}],"author":[{"embeddable":true,"href":"https:\/\/elinformanteperu.com\/index.php\/wp-json\/wp\/v2\/users\/1"}],"replies":[{"embeddable":true,"href":"https:\/\/elinformanteperu.com\/index.php\/wp-json\/wp\/v2\/comments?post=14659"}],"version-history":[{"count":1,"href":"https:\/\/elinformanteperu.com\/index.php\/wp-json\/wp\/v2\/posts\/14659\/revisions"}],"predecessor-version":[{"id":14660,"href":"https:\/\/elinformanteperu.com\/index.php\/wp-json\/wp\/v2\/posts\/14659\/revisions\/14660"}],"wp:featuredmedia":[{"embeddable":true,"href":"https:\/\/elinformanteperu.com\/index.php\/wp-json\/wp\/v2\/media\/2880"}],"wp:attachment":[{"href":"https:\/\/elinformanteperu.com\/index.php\/wp-json\/wp\/v2\/media?parent=14659"}],"wp:term":[{"taxonomy":"category","embeddable":true,"href":"https:\/\/elinformanteperu.com\/index.php\/wp-json\/wp\/v2\/categories?post=14659"},{"taxonomy":"post_tag","embeddable":true,"href":"https:\/\/elinformanteperu.com\/index.php\/wp-json\/wp\/v2\/tags?post=14659"}],"curies":[{"name":"wp","href":"https:\/\/api.w.org\/{rel}","templated":true}]}}