{"id":146561,"date":"2026-02-19T20:12:53","date_gmt":"2026-02-20T01:12:53","guid":{"rendered":"https:\/\/elinformanteperu.com\/?p=146561"},"modified":"2026-02-19T20:12:53","modified_gmt":"2026-02-20T01:12:53","slug":"real-madrid-presenta-a-la-uefa-todas-las-pruebas-del-incidente-racista-de-vinicius","status":"publish","type":"post","link":"https:\/\/elinformanteperu.com\/index.php\/2026\/02\/19\/real-madrid-presenta-a-la-uefa-todas-las-pruebas-del-incidente-racista-de-vinicius\/","title":{"rendered":"Real Madrid presenta a la UEFA \u00abtodas las pruebas\u00bb del incidente racista de Vin\u00edcius"},"content":{"rendered":"<p><strong><span style=\"color: #000000;\">El club espa\u00f1ol se mostr\u00f3 agradecido por el respaldo, apoyo y cari\u00f1o brindado al futbolista brasile\u00f1o<\/span><\/strong><\/p>\n<p><span style=\"color: #000000;\"><strong>Lima, 19 de febrero 2026 (ANDINA).-<\/strong> El Real Madrid anunci\u00f3 este jueves que ha presentado \u00abtodas las pruebas disponibles\u00bb a la UEFA sobre los incidentes ocurridos el martes en la ida de la repesca de la Liga de Campeones contra el Benfica en Lisboa, marcadas por las acusaciones de racismo formuladas por Vin\u00edcius contra Gianluca Prestianni.<\/span><\/p>\n<p><span style=\"color: #000000;\">\u00abNuestro club ha colaborado de manera activa con la investigaci\u00f3n abierta por UEFA tras los inaceptables episodios de racismo vividos durante dicho partido\u00bb, se\u00f1al\u00f3 el Real Madrid en un comunicado.<\/span><\/p>\n<p><span style=\"color: #000000;\">El gigante espa\u00f1ol se declara agradecido por \u00abel respaldo un\u00e1nime, el apoyo y el cari\u00f1o que ha recibido a nuestro jugador Vinicius Jr. desde todos los \u00e1mbitos del f\u00fatbol mundial\u00bb, asegurando que \u00abseguir\u00e1 trabajando, en colaboraci\u00f3n con todas las instituciones, para erradicar el racismo, la violencia y el odio en el deporte y en la sociedad\u00bb.<\/span><\/p>\n<p><span style=\"color: #000000;\">La UEFA anunci\u00f3 el mi\u00e9rcoles la apertura de una investigaci\u00f3n sobre las acusaciones de \u00abcomportamiento discriminatorio\u00bb por parte de Gianluca Prestianni, al que Vin\u00edcius acusa de haberlo llamado \u00abmono\u00bb durante la victoria (1-0) de los blancos.<\/span><\/p>\n<p><span style=\"color: #000000;\">Unas acusaciones que el argentino ha desmentido en su cuenta de Instagram y que confirman, entre otros, el delantero del Real Madrid Kylian Mbapp\u00e9.<\/span><\/p>\n<p><span style=\"color: #000000;\">Varios v\u00eddeos que circulan en las redes sociales y han sido difundidos por medios espa\u00f1oles muestran tambi\u00e9n comportamientos de car\u00e1cter racista por parte de varios aficionados portugueses en la grada, lo que explica el plural -\u00abinaceptables episodios\u00bb- utilizado por el Real Madrid en su comunicado.<\/span><\/p>\n<p><a href=\"https:\/\/elinformanteperu.com\/wp-content\/uploads\/2024\/10\/Vinicius-Junior1.jpg\"><img fetchpriority=\"high\" decoding=\"async\" class=\"size-large wp-image-126832 aligncenter\" src=\"https:\/\/elinformanteperu.com\/wp-content\/uploads\/2024\/10\/Vinicius-Junior1-1024x683.jpg\" alt=\"\" width=\"615\" height=\"410\" srcset=\"https:\/\/elinformanteperu.com\/wp-content\/uploads\/2024\/10\/Vinicius-Junior1-1024x683.jpg 1024w, https:\/\/elinformanteperu.com\/wp-content\/uploads\/2024\/10\/Vinicius-Junior1-300x200.jpg 300w, https:\/\/elinformanteperu.com\/wp-content\/uploads\/2024\/10\/Vinicius-Junior1-768x512.jpg 768w, https:\/\/elinformanteperu.com\/wp-content\/uploads\/2024\/10\/Vinicius-Junior1-1536x1024.jpg 1536w, https:\/\/elinformanteperu.com\/wp-content\/uploads\/2024\/10\/Vinicius-Junior1.jpg 1800w\" sizes=\"(max-width: 615px) 100vw, 615px\" \/><\/a><\/p>\n","protected":false},"excerpt":{"rendered":"<p>El club espa\u00f1ol se mostr\u00f3 agradecido por el respaldo, apoyo y cari\u00f1o brindado al futbolista brasile\u00f1o Lima, 19 de febrero 2026 (ANDINA).- El Real Madrid anunci\u00f3 este jueves que ha presentado \u00abtodas las pruebas disponibles\u00bb a la UEFA sobre los incidentes ocurridos el martes en la ida de la repesca de la Liga de Campeones [&hellip;]<\/p>\n","protected":false},"author":1,"featured_media":126824,"comment_status":"closed","ping_status":"closed","sticky":false,"template":"","format":"standard","meta":{"rop_custom_images_group":[],"rop_custom_messages_group":[],"rop_publish_now":"initial","rop_publish_now_accounts":[],"rop_publish_now_history":[],"rop_publish_now_status":"pending","footnotes":""},"categories":[8],"tags":[8746,423,1630],"class_list":["post-146561","post","type-post","status-publish","format-standard","has-post-thumbnail","hentry","category-disciplinas-deportivas","tag-liga-de-campeones-2026","tag-real-madrid","tag-vinicius-junior"],"_links":{"self":[{"href":"https:\/\/elinformanteperu.com\/index.php\/wp-json\/wp\/v2\/posts\/146561","targetHints":{"allow":["GET"]}}],"collection":[{"href":"https:\/\/elinformanteperu.com\/index.php\/wp-json\/wp\/v2\/posts"}],"about":[{"href":"https:\/\/elinformanteperu.com\/index.php\/wp-json\/wp\/v2\/types\/post"}],"author":[{"embeddable":true,"href":"https:\/\/elinformanteperu.com\/index.php\/wp-json\/wp\/v2\/users\/1"}],"replies":[{"embeddable":true,"href":"https:\/\/elinformanteperu.com\/index.php\/wp-json\/wp\/v2\/comments?post=146561"}],"version-history":[{"count":1,"href":"https:\/\/elinformanteperu.com\/index.php\/wp-json\/wp\/v2\/posts\/146561\/revisions"}],"predecessor-version":[{"id":146563,"href":"https:\/\/elinformanteperu.com\/index.php\/wp-json\/wp\/v2\/posts\/146561\/revisions\/146563"}],"wp:featuredmedia":[{"embeddable":true,"href":"https:\/\/elinformanteperu.com\/index.php\/wp-json\/wp\/v2\/media\/126824"}],"wp:attachment":[{"href":"https:\/\/elinformanteperu.com\/index.php\/wp-json\/wp\/v2\/media?parent=146561"}],"wp:term":[{"taxonomy":"category","embeddable":true,"href":"https:\/\/elinformanteperu.com\/index.php\/wp-json\/wp\/v2\/categories?post=146561"},{"taxonomy":"post_tag","embeddable":true,"href":"https:\/\/elinformanteperu.com\/index.php\/wp-json\/wp\/v2\/tags?post=146561"}],"curies":[{"name":"wp","href":"https:\/\/api.w.org\/{rel}","templated":true}]}}