{"id":146556,"date":"2026-02-19T01:38:09","date_gmt":"2026-02-19T06:38:09","guid":{"rendered":"https:\/\/elinformanteperu.com\/?p=146556"},"modified":"2026-02-19T01:38:09","modified_gmt":"2026-02-19T06:38:09","slug":"suspenden-por-30-dias-a-alcaldesa-de-chiclayo-en-sesion-extraordinaria","status":"publish","type":"post","link":"https:\/\/elinformanteperu.com\/index.php\/2026\/02\/19\/suspenden-por-30-dias-a-alcaldesa-de-chiclayo-en-sesion-extraordinaria\/","title":{"rendered":"Suspenden por 30 d\u00edas a alcaldesa de Chiclayo en sesi\u00f3n extraordinaria"},"content":{"rendered":"<p><strong><span style=\"color: #000000;\">Por presuntas irregularidades en decorado del parque principal en Fiestas Navide\u00f1as 2025 y el \u00e1rbol de la verguenza<\/span><\/strong><\/p>\n<p><span style=\"color: #000000;\"><strong>Chiclayo, 18 de febrero 2026 (ANDINA).-<\/strong> En una sesi\u00f3n extraordinaria realizada esta tarde, el Concejo Municipal de Chiclayo aprob\u00f3 por votaci\u00f3n un\u00e1nime la suspensi\u00f3n por 30 d\u00edas de la alcaldesa Janet Cubas Carranza, debido a las presuntas irregularidades en el decorado del parque principal de dicha ciudad norte\u00f1a, durante las Fiestas Navide\u00f1as 2025, incluido el llamado \u00ab\u00e1rbol de la verg\u00fcenza\u00bb, que desencaden\u00f3 una mala imagen de la ciudad a nivel internacional.<\/span><\/p>\n<p><span style=\"color: #000000;\">La decisi\u00f3n fue adoptada en segunda citaci\u00f3n, con la participaci\u00f3n de siete regidores, quienes votaron a favor de la medida, tras evaluar los informes recabados, incluyendo reportes de medios de comunicaci\u00f3n y observaciones de la Contralor\u00eda.<\/span><\/p>\n<p><span style=\"color: #000000;\">Seg\u00fan el teniente alcalde de la comuna chiclayana, Jorge Ar\u00e9valo Chil\u00f3n, la convocatoria se realiz\u00f3 conforme a lo establecido en la Ley Org\u00e1nica de Municipalidades, espec\u00edficamente en los art\u00edculos 13, 75 y 78 del reglamento interno.<\/span><\/p>\n<p><span style=\"color: #000000;\">Durante la sesi\u00f3n se dej\u00f3 constancia de la presencia del notario, Carlos Caballero, quien certific\u00f3 el desarrollo del procedimiento y la redacci\u00f3n del acta correspondiente, documento que ser\u00e1 firmado para dar fe del acuerdo adoptado.<\/span><\/p>\n<p><span style=\"color: #000000;\">Ar\u00e9valo sostuvo que el acta ser\u00e1 remitida al secretario general de la municipalidad, quien deber\u00e1 notificar formalmente a la alcaldesa suspendida para que pueda ejercer su derecho de defensa, ya sea mediante un recurso de reconsideraci\u00f3n u otro mecanismo legal. \u201cCumplidos los plazos establecidos, el expediente ser\u00e1 elevado al Jurado Nacional de Elecciones (JNE), instancia que evaluar\u00e1 el procedimiento y tomar\u00e1 la decisi\u00f3n final\u201d, advirti\u00f3.<\/span><\/p>\n<p><span style=\"color: #000000;\">El teniente alcalde sostuvo que de no existir objeciones por parte del JNE, asumir\u00eda temporalmente la conducci\u00f3n del municipio mientras dure la suspensi\u00f3n. Asimismo, manifest\u00f3 que algunos regidores que no asistieron a la primera convocatoria podr\u00edan enfrentar consecuencias conforme a lo estipulado en la normativa vigente.<\/span><\/p>\n<p><span style=\"color: #000000;\">La alcaldesa no asisti\u00f3 a la sesi\u00f3n ni envi\u00f3 representaci\u00f3n legal, pese a haber sido convocada.<\/span><\/p>\n<p><span style=\"color: #000000;\">Seg\u00fan el teniente alcalde, la autoridad edil ha manifestado p\u00fablicamente que considera ilegal la sesi\u00f3n; sin embargo, el concejo sostiene que el procedimiento se ajust\u00f3 estrictamente a la ley.<\/span><\/p>\n<p><span style=\"color: #000000;\">La jornada concluy\u00f3 a las 5:10 p.m., marcando un nuevo cap\u00edtulo en la crisis pol\u00edtica que atraviesa la Municipalidad Provincial de Chiclayo. Ahora, el proceso queda en manos del Jurado Nacional de Elecciones, que determinar\u00e1 la validez de la suspensi\u00f3n y los pasos a seguir.<\/span><\/p>\n<p><a href=\"https:\/\/elinformanteperu.com\/wp-content\/uploads\/2026\/02\/chiclayo-sesion-vacancia-alcaldesa.webp\"><img fetchpriority=\"high\" decoding=\"async\" class=\"size-full wp-image-146558 aligncenter\" src=\"https:\/\/elinformanteperu.com\/wp-content\/uploads\/2026\/02\/chiclayo-sesion-vacancia-alcaldesa.webp\" alt=\"\" width=\"500\" height=\"334\" srcset=\"https:\/\/elinformanteperu.com\/wp-content\/uploads\/2026\/02\/chiclayo-sesion-vacancia-alcaldesa.webp 500w, https:\/\/elinformanteperu.com\/wp-content\/uploads\/2026\/02\/chiclayo-sesion-vacancia-alcaldesa-300x200.webp 300w\" sizes=\"(max-width: 500px) 100vw, 500px\" \/><\/a><strong><span style=\"color: #000000;\">Municipio de Chiclayo declara ilegal sesi\u00f3n convocada por siete regidores<\/span><\/strong><\/p>\n<p><span style=\"color: #000000;\">Ante estos hechos, la comuna emiti\u00f3 un comunicado oficial en el que se\u00f1ala que el regidor Jorge Ar\u00e9valo Chil\u00f3n no est\u00e1 habilitado ni legitimado para convocar a sesi\u00f3n extraordinaria.<\/span><\/p>\n<p><span style=\"color: #000000;\">Seg\u00fan el pronunciamiento, la alcaldesa s\u00ed cumpli\u00f3 con convocar el 22 de diciembre de 2025 a una sesi\u00f3n con agenda \u00fanica sobre la suspensi\u00f3n solicitada por un grupo de regidores, conforme al art\u00edculo 13\u00b0 de la Ley Org\u00e1nica de Municipalidades, por lo que no existi\u00f3 omisi\u00f3n que justifique otra convocatoria.<\/span><\/p>\n<p><span style=\"color: #000000;\">El documento sostiene, adem\u00e1s, que la citaci\u00f3n realizada por los siete regidores fue ilegal y que no se configur\u00f3 el qu\u00f3rum reglamentario exigido, ya que el Reglamento Interno de Concejo establece la presencia de la mitad m\u00e1s uno de los 16 integrantes (15 regidores y la alcaldesa), es decir, nueve miembros.<\/span><\/p>\n<p><span style=\"color: #000000;\">Al haber asistido solo siete, \u2014indica el comunicado\u2014 no se alcanz\u00f3 el qu\u00f3rum ni la mayor\u00eda simple requerida para adoptar acuerdos v\u00e1lidos. Tambi\u00e9n se cuestiona que los regidores hayan invocado la Ley General de Sociedades, norma aplicable a entidades privadas y no a gobiernos locales.<\/span><\/p>\n<p><span style=\"color: #000000;\">Finalmente, la municipalidad advirti\u00f3 que todas las actuaciones derivadas de esa sesi\u00f3n carecen de legalidad y legitimidad, por lo que ser\u00e1n remitidas al Ministerio P\u00fablico y al Jurado Nacional de Elecciones para la revisi\u00f3n correspondiente. La entidad hizo un llamado a la ciudadan\u00eda a no dejarse sorprender por versiones err\u00f3neas y reafirm\u00f3 su respeto al Estado de Derecho y al marco legal vigente.<\/span><\/p>\n","protected":false},"excerpt":{"rendered":"<p>Por presuntas irregularidades en decorado del parque principal en Fiestas Navide\u00f1as 2025 y el \u00e1rbol de la verguenza Chiclayo, 18 de febrero 2026 (ANDINA).- En una sesi\u00f3n extraordinaria realizada esta tarde, el Concejo Municipal de Chiclayo aprob\u00f3 por votaci\u00f3n un\u00e1nime la suspensi\u00f3n por 30 d\u00edas de la alcaldesa Janet Cubas Carranza, debido a las presuntas [&hellip;]<\/p>\n","protected":false},"author":1,"featured_media":146557,"comment_status":"closed","ping_status":"closed","sticky":false,"template":"","format":"standard","meta":{"rop_custom_images_group":[],"rop_custom_messages_group":[],"rop_publish_now":"initial","rop_publish_now_accounts":[],"rop_publish_now_history":[],"rop_publish_now_status":"pending","footnotes":""},"categories":[10],"tags":[3925],"class_list":["post-146556","post","type-post","status-publish","format-standard","has-post-thumbnail","hentry","category-actualidad-municipal","tag-municipalidad-provincial-de-chiclayo"],"_links":{"self":[{"href":"https:\/\/elinformanteperu.com\/index.php\/wp-json\/wp\/v2\/posts\/146556","targetHints":{"allow":["GET"]}}],"collection":[{"href":"https:\/\/elinformanteperu.com\/index.php\/wp-json\/wp\/v2\/posts"}],"about":[{"href":"https:\/\/elinformanteperu.com\/index.php\/wp-json\/wp\/v2\/types\/post"}],"author":[{"embeddable":true,"href":"https:\/\/elinformanteperu.com\/index.php\/wp-json\/wp\/v2\/users\/1"}],"replies":[{"embeddable":true,"href":"https:\/\/elinformanteperu.com\/index.php\/wp-json\/wp\/v2\/comments?post=146556"}],"version-history":[{"count":1,"href":"https:\/\/elinformanteperu.com\/index.php\/wp-json\/wp\/v2\/posts\/146556\/revisions"}],"predecessor-version":[{"id":146559,"href":"https:\/\/elinformanteperu.com\/index.php\/wp-json\/wp\/v2\/posts\/146556\/revisions\/146559"}],"wp:featuredmedia":[{"embeddable":true,"href":"https:\/\/elinformanteperu.com\/index.php\/wp-json\/wp\/v2\/media\/146557"}],"wp:attachment":[{"href":"https:\/\/elinformanteperu.com\/index.php\/wp-json\/wp\/v2\/media?parent=146556"}],"wp:term":[{"taxonomy":"category","embeddable":true,"href":"https:\/\/elinformanteperu.com\/index.php\/wp-json\/wp\/v2\/categories?post=146556"},{"taxonomy":"post_tag","embeddable":true,"href":"https:\/\/elinformanteperu.com\/index.php\/wp-json\/wp\/v2\/tags?post=146556"}],"curies":[{"name":"wp","href":"https:\/\/api.w.org\/{rel}","templated":true}]}}