{"id":146389,"date":"2026-02-17T17:46:37","date_gmt":"2026-02-17T22:46:37","guid":{"rendered":"https:\/\/elinformanteperu.com\/?p=146389"},"modified":"2026-02-17T17:46:37","modified_gmt":"2026-02-17T22:46:37","slug":"congreso-accion-popular-presenta-candidatura-de-maria-del-carmen-alva","status":"publish","type":"post","link":"https:\/\/elinformanteperu.com\/index.php\/2026\/02\/17\/congreso-accion-popular-presenta-candidatura-de-maria-del-carmen-alva\/","title":{"rendered":"Congreso: Acci\u00f3n Popular presenta candidatura de Mar\u00eda del Carmen Alva"},"content":{"rendered":"<p><span style=\"color: #000000;\"><strong>Lima, 17 de febrero 2026 (ANDINA).-<\/strong> La bancada Acci\u00f3n Popular present\u00f3 la candidatura de la congresista Mar\u00eda del Carmen Alva Prieto para la elecci\u00f3n del nuevo presidente del Congreso que completar\u00e1 el Periodo Anual de Sesiones 2025-2026.<\/span><\/p>\n<p><span style=\"color: #000000;\">La postulaci\u00f3n fue remitida al oficial mayor del Congreso, Giovanni Forno, por el vocero titular de dicho grupo parlamentario, Edwin Mart\u00ednez Talavera.<\/span><\/p>\n<p><span style=\"color: #000000;\">\u201cEn atenci\u00f3n a lo dispuesto en el art\u00edculo 12 del reglamento del Congreso, as\u00ed como a lo acordado en la sesi\u00f3n extraordinaria realizada el d\u00eda 17 del mes en curso, nos permitimos proponer como candidata a la presidencia de la Mesa Directa a la congresista Mar\u00eda del Carmen Alva\u201d, indica la comunicaci\u00f3n.<\/span><\/p>\n<p><span style=\"color: #000000;\">Tras aprobarse la censura de Jos\u00e9 Jer\u00ed, la Mesa Directiva del Congreso convoc\u00f3 a elecciones del nuevo titular del Parlamento para ma\u00f1ana, a las 18:00 horas. La inscripci\u00f3n de candidaturas vence hoy, a las 18:00 horas.<\/span><\/p>\n<p><a href=\"https:\/\/elinformanteperu.com\/wp-content\/uploads\/2026\/02\/pleno11.webp\"><img fetchpriority=\"high\" decoding=\"async\" class=\"size-large wp-image-146383 aligncenter\" src=\"https:\/\/elinformanteperu.com\/wp-content\/uploads\/2026\/02\/pleno11-1024x683.webp\" alt=\"\" width=\"615\" height=\"410\" srcset=\"https:\/\/elinformanteperu.com\/wp-content\/uploads\/2026\/02\/pleno11-1024x683.webp 1024w, https:\/\/elinformanteperu.com\/wp-content\/uploads\/2026\/02\/pleno11-300x200.webp 300w, https:\/\/elinformanteperu.com\/wp-content\/uploads\/2026\/02\/pleno11-768x512.webp 768w, https:\/\/elinformanteperu.com\/wp-content\/uploads\/2026\/02\/pleno11-1536x1024.webp 1536w, https:\/\/elinformanteperu.com\/wp-content\/uploads\/2026\/02\/pleno11.webp 1800w\" sizes=\"(max-width: 615px) 100vw, 615px\" \/><\/a><\/p>\n","protected":false},"excerpt":{"rendered":"<p>Lima, 17 de febrero 2026 (ANDINA).- La bancada Acci\u00f3n Popular present\u00f3 la candidatura de la congresista Mar\u00eda del Carmen Alva Prieto para la elecci\u00f3n del nuevo presidente del Congreso que completar\u00e1 el Periodo Anual de Sesiones 2025-2026. La postulaci\u00f3n fue remitida al oficial mayor del Congreso, Giovanni Forno, por el vocero titular de dicho grupo [&hellip;]<\/p>\n","protected":false},"author":1,"featured_media":146390,"comment_status":"closed","ping_status":"closed","sticky":false,"template":"","format":"standard","meta":{"rop_custom_images_group":[],"rop_custom_messages_group":[],"rop_publish_now":"initial","rop_publish_now_accounts":[],"rop_publish_now_history":[],"rop_publish_now_status":"pending","footnotes":""},"categories":[5],"tags":[326,6706,8712],"class_list":["post-146389","post","type-post","status-publish","format-standard","has-post-thumbnail","hentry","category-actualidad-informativa","tag-accion-popular","tag-maria-del-carmen-alva","tag-vacancia-jose-jeri"],"_links":{"self":[{"href":"https:\/\/elinformanteperu.com\/index.php\/wp-json\/wp\/v2\/posts\/146389","targetHints":{"allow":["GET"]}}],"collection":[{"href":"https:\/\/elinformanteperu.com\/index.php\/wp-json\/wp\/v2\/posts"}],"about":[{"href":"https:\/\/elinformanteperu.com\/index.php\/wp-json\/wp\/v2\/types\/post"}],"author":[{"embeddable":true,"href":"https:\/\/elinformanteperu.com\/index.php\/wp-json\/wp\/v2\/users\/1"}],"replies":[{"embeddable":true,"href":"https:\/\/elinformanteperu.com\/index.php\/wp-json\/wp\/v2\/comments?post=146389"}],"version-history":[{"count":1,"href":"https:\/\/elinformanteperu.com\/index.php\/wp-json\/wp\/v2\/posts\/146389\/revisions"}],"predecessor-version":[{"id":146391,"href":"https:\/\/elinformanteperu.com\/index.php\/wp-json\/wp\/v2\/posts\/146389\/revisions\/146391"}],"wp:featuredmedia":[{"embeddable":true,"href":"https:\/\/elinformanteperu.com\/index.php\/wp-json\/wp\/v2\/media\/146390"}],"wp:attachment":[{"href":"https:\/\/elinformanteperu.com\/index.php\/wp-json\/wp\/v2\/media?parent=146389"}],"wp:term":[{"taxonomy":"category","embeddable":true,"href":"https:\/\/elinformanteperu.com\/index.php\/wp-json\/wp\/v2\/categories?post=146389"},{"taxonomy":"post_tag","embeddable":true,"href":"https:\/\/elinformanteperu.com\/index.php\/wp-json\/wp\/v2\/tags?post=146389"}],"curies":[{"name":"wp","href":"https:\/\/api.w.org\/{rel}","templated":true}]}}