{"id":146372,"date":"2026-02-17T17:07:13","date_gmt":"2026-02-17T22:07:13","guid":{"rendered":"https:\/\/elinformanteperu.com\/?p=146372"},"modified":"2026-02-17T17:07:13","modified_gmt":"2026-02-17T22:07:13","slug":"congreso-judith-laura-rojas-asume-como-congresista-de-la-republica","status":"publish","type":"post","link":"https:\/\/elinformanteperu.com\/index.php\/2026\/02\/17\/congreso-judith-laura-rojas-asume-como-congresista-de-la-republica\/","title":{"rendered":"Congreso: Judith Laura Rojas asume como congresista de la rep\u00fablica"},"content":{"rendered":"<p><span style=\"color: #000000;\"><strong>Lima, 17 de febrero 2026 (ANDINA).-<\/strong> El presidente del Congreso (e), Fernando Rospigliosi, declar\u00f3 formalmente incorporada como congresista de la rep\u00fablica a Judith Laura Rojas, quien prest\u00f3 juramento a dicho cargo esta ma\u00f1ana.<\/span><\/p>\n<p><span style=\"color: #000000;\">El acto tuvo lugar durante la sesi\u00f3n extraordinaria del pleno que se desarrolla esta ma\u00f1ana en el auditorio Jos\u00e9 Faustino S\u00e1nchez Carri\u00f3n, donde el principal punto en agenda son las mociones que proponen la censura del presidente Jos\u00e9 Jer\u00ed.<\/span><\/p>\n<p><span style=\"color: #000000;\">Previamente, se dio lectura a la credencial otorgada por el Jurado Nacional de Elecciones (JNE) a Laura Rojas, accesitaria por el distrito electoral de Lima para el periodo legislativo 2021-2026, quien asume el cargo en reemplazo del fallecido Carlos Anderson.<\/span><\/p>\n<p><span style=\"color: #000000;\">Tras prestar el juramento respectivo, Rospigliosi declar\u00f3 a Judith Laura incorporada y apta para el ejercicio de la funci\u00f3n parlamentaria, por lo que tom\u00f3 asiento junto a los dem\u00e1s congresistas presentes en el auditorio.<\/span><\/p>\n<p><span style=\"color: #000000;\">Como se recuerda, la nueva integrante de la bancada Podemos Per\u00fa recibi\u00f3 sus credenciales por parte del JNE el pasado 13 de enero, luego de que el organismo electoral declarara la vacancia del cargo por el deceso de Anderson Ram\u00edrez.<\/span><\/p>\n<blockquote class=\"twitter-tweet\">\n<p dir=\"ltr\" lang=\"es\">Durante la sesi\u00f3n del <a href=\"https:\/\/twitter.com\/hashtag\/PlenoDelCongreso?src=hash&amp;ref_src=twsrc%5Etfw\">#PlenoDelCongreso<\/a>, se tom\u00f3 juramento a Judith Laura Rojas, quien asume funciones como congresista de la rep\u00fablica en reemplazo del fallecido parlamentario Carlos Anderson Ram\u00edrez. <a href=\"https:\/\/t.co\/nKUM39Qw5d\">pic.twitter.com\/nKUM39Qw5d<\/a><\/p>\n<p>\u2014 Congreso del Per\u00fa \ud83c\uddf5\ud83c\uddea (@congresoperu) <a href=\"https:\/\/twitter.com\/congresoperu\/status\/2023787223167140228?ref_src=twsrc%5Etfw\">February 17, 2026<\/a><\/p><\/blockquote>\n<p><script async src=\"https:\/\/platform.twitter.com\/widgets.js\" charset=\"utf-8\"><\/script><\/p>\n","protected":false},"excerpt":{"rendered":"<p>Lima, 17 de febrero 2026 (ANDINA).- El presidente del Congreso (e), Fernando Rospigliosi, declar\u00f3 formalmente incorporada como congresista de la rep\u00fablica a Judith Laura Rojas, quien prest\u00f3 juramento a dicho cargo esta ma\u00f1ana. El acto tuvo lugar durante la sesi\u00f3n extraordinaria del pleno que se desarrolla esta ma\u00f1ana en el auditorio Jos\u00e9 Faustino S\u00e1nchez Carri\u00f3n, [&hellip;]<\/p>\n","protected":false},"author":1,"featured_media":146373,"comment_status":"closed","ping_status":"closed","sticky":false,"template":"","format":"standard","meta":{"rop_custom_images_group":[],"rop_custom_messages_group":[],"rop_publish_now":"initial","rop_publish_now_accounts":[],"rop_publish_now_history":[],"rop_publish_now_status":"pending","footnotes":""},"categories":[5],"tags":[192,8743],"class_list":["post-146372","post","type-post","status-publish","format-standard","has-post-thumbnail","hentry","category-actualidad-informativa","tag-congreso","tag-judith-laura-rojas"],"_links":{"self":[{"href":"https:\/\/elinformanteperu.com\/index.php\/wp-json\/wp\/v2\/posts\/146372","targetHints":{"allow":["GET"]}}],"collection":[{"href":"https:\/\/elinformanteperu.com\/index.php\/wp-json\/wp\/v2\/posts"}],"about":[{"href":"https:\/\/elinformanteperu.com\/index.php\/wp-json\/wp\/v2\/types\/post"}],"author":[{"embeddable":true,"href":"https:\/\/elinformanteperu.com\/index.php\/wp-json\/wp\/v2\/users\/1"}],"replies":[{"embeddable":true,"href":"https:\/\/elinformanteperu.com\/index.php\/wp-json\/wp\/v2\/comments?post=146372"}],"version-history":[{"count":1,"href":"https:\/\/elinformanteperu.com\/index.php\/wp-json\/wp\/v2\/posts\/146372\/revisions"}],"predecessor-version":[{"id":146374,"href":"https:\/\/elinformanteperu.com\/index.php\/wp-json\/wp\/v2\/posts\/146372\/revisions\/146374"}],"wp:featuredmedia":[{"embeddable":true,"href":"https:\/\/elinformanteperu.com\/index.php\/wp-json\/wp\/v2\/media\/146373"}],"wp:attachment":[{"href":"https:\/\/elinformanteperu.com\/index.php\/wp-json\/wp\/v2\/media?parent=146372"}],"wp:term":[{"taxonomy":"category","embeddable":true,"href":"https:\/\/elinformanteperu.com\/index.php\/wp-json\/wp\/v2\/categories?post=146372"},{"taxonomy":"post_tag","embeddable":true,"href":"https:\/\/elinformanteperu.com\/index.php\/wp-json\/wp\/v2\/tags?post=146372"}],"curies":[{"name":"wp","href":"https:\/\/api.w.org\/{rel}","templated":true}]}}