{"id":14624,"date":"2017-08-19T02:01:32","date_gmt":"2017-08-19T07:01:32","guid":{"rendered":"http:\/\/elinformanteperu.com\/?p=14624"},"modified":"2017-08-19T02:31:22","modified_gmt":"2017-08-19T07:31:22","slug":"esta-es-la-oracion-del-papa-en-espanol-y-quechua","status":"publish","type":"post","link":"https:\/\/elinformanteperu.com\/index.php\/2017\/08\/19\/esta-es-la-oracion-del-papa-en-espanol-y-quechua\/","title":{"rendered":"Esta es la oraci\u00f3n del Papa en espa\u00f1ol y quechua"},"content":{"rendered":"<p><span style=\"color: #000000;\"><strong>La Conferencia Episcopal Peruana (CEP) difundi\u00f3 la oraci\u00f3n del Papa Francisco, quien visitar\u00e1 el Per\u00fa en enero pr\u00f3ximo, en idiomas espa\u00f1ol y quechua.<\/strong><\/span><\/p>\n<p><span style=\"color: #000000;\"><strong>Lima, 18 Agosto 2017, (ANDINA).-<\/strong> La Conferencia Episcopal Peruana (CEP) difundi\u00f3 la oraci\u00f3n del Papa Francisco, quien visitar\u00e1 el Per\u00fa en enero pr\u00f3ximo, en idiomas espa\u00f1ol y quechua, para conocimiento de los fieles.<\/span><\/p>\n<p><span style=\"color: #000000;\">A continuaci\u00f3n la oraci\u00f3n en espa\u00f1ol:<\/span><\/p>\n<p><span style=\"color: #000000;\"><strong>ORACI\u00d3N NACIONAL<\/strong><\/span><\/p>\n<p><span style=\"color: #000000;\"><strong>Dios, Padre misericordioso:<\/strong><\/span><br \/>\n<span style=\"color: #000000;\"> Llenos de alegr\u00eda,<\/span><br \/>\n<span style=\"color: #000000;\"> elevamos hacia Ti<\/span><br \/>\n<span style=\"color: #000000;\"> nuestra oraci\u00f3n de acci\u00f3n de gracias<\/span><br \/>\n<span style=\"color: #000000;\"> por el don de la visita pastoral<\/span><br \/>\n<span style=\"color: #000000;\"> del Papa Francisco.<\/span><\/p>\n<p><span style=\"color: #000000;\"><strong>Se\u00f1or Jesucristo:<\/strong><\/span><br \/>\n<span style=\"color: #000000;\"> Te pedimos que nos concedas prepararnos,<\/span><br \/>\n<span style=\"color: #000000;\"> con la oraci\u00f3n y los sacramentos,<\/span><br \/>\n<span style=\"color: #000000;\"> para acoger a quien viene en tu nombre<\/span><br \/>\n<span style=\"color: #000000;\"> a confirmarnos en la fe.<\/span><\/p>\n<p><span style=\"color: #000000;\"><strong>Esp\u00edritu Santo,<\/strong><\/span><br \/>\n<span style=\"color: #000000;\"> Gu\u00eda de la Iglesia:<\/span><br \/>\n<span style=\"color: #000000;\"> haznos vivir, como disc\u00edpulos y misioneros,<\/span><br \/>\n<span style=\"color: #000000;\"> el Evangelio de la creaci\u00f3n,<\/span><br \/>\n<span style=\"color: #000000;\"> la vida, la familia y la paz.<\/span><\/p>\n<p><span style=\"color: #000000;\"><strong>Virgen Mar\u00eda,<\/strong><\/span><br \/>\n<span style=\"color: #000000;\"> Madre de la Iglesia:<\/span><br \/>\n<span style=\"color: #000000;\"> acompa\u00f1a al Sucesor de Pedro,<\/span><br \/>\n<span style=\"color: #000000;\"> que nos animar\u00e1 para que<\/span><br \/>\n<span style=\"color: #000000;\"> unidos por la esperanza,<\/span><br \/>\n<span style=\"color: #000000;\"> peregrinemos por esta tierra<\/span><br \/>\n<span style=\"color: #000000;\"> bendecida por el testimonio<\/span><br \/>\n<span style=\"color: #000000;\"> de nuestros santos:<\/span><br \/>\n<span style=\"color: #000000;\"> Rosa de Lima,<\/span><br \/>\n<span style=\"color: #000000;\"> Toribio de Mogrovejo,<\/span><br \/>\n<span style=\"color: #000000;\"> y Mart\u00edn de Porres.<\/span><br \/>\n<span style=\"color: #000000;\"> <strong>Am\u00e9n.<\/strong><\/span><\/p>\n<p><span style=\"color: #000000;\"><strong>Oraci\u00f3n en quechua:<\/strong><\/span><\/p>\n<p><span style=\"color: #000000;\">PAPA FRANCISCO HUATUMUHUASCCANCHICMANTA<\/span><br \/>\n<span style=\"color: #000000;\"> (CHUNCA PUSACCNIYUCC PUNCHAUMANTA, ISCAI CHUNCA<\/span><br \/>\n<span style=\"color: #000000;\"> JUCNIYUCC PUNCHAUCAMA, ENERO QUILLAPI; ISCAI<\/span><br \/>\n<span style=\"color: #000000;\"> HUARANCCA CHUNCA PUSACCNIYUCC HUATAPI).<\/span><\/p>\n<p><span style=\"color: #000000;\">PER\u00da LLACCTAPA MA\u00d1ACUININ<\/span><br \/>\n<span style=\"color: #000000;\"> <strong>DIOS APUICU, CUYAPAYACUCC TAITA:<\/strong><\/span><br \/>\n<span style=\"color: #000000;\"> ANCHA CUSICUIHUANMI<\/span><br \/>\n<span style=\"color: #000000;\"> CCANMAN CHAYACHIMUNICU RECCSICUINIICUTA,<\/span><br \/>\n<span style=\"color: #000000;\"> TAITAICU PAPA FRANCISCO<\/span><br \/>\n<span style=\"color: #000000;\"> HUATUMUHUASCCANCUMANTA.<\/span><\/p>\n<p><span style=\"color: #000000;\"><strong>APUICU JESUCRISTO<\/strong><\/span><br \/>\n<span style=\"color: #000000;\"> MA\u00d1ACUIQUICUM, YANAPAHUAICU, MA\u00d1ACUIHUAN,<\/span><br \/>\n<span style=\"color: #000000;\"> SACRAMENTOCUNAHUANPAS PREPARACUSPA,<\/span><br \/>\n<span style=\"color: #000000;\"> SUTIQUIPI CCAMUCCTA ALLIN CHASQUINAICUPACC,<\/span><br \/>\n<span style=\"color: #000000;\"> I\u00d1IINIICUPI TACYACHIHUANANCUPACC.<\/span><\/p>\n<p><span style=\"color: #000000;\"><strong>ESP\u00cdRITU SANTO APUICU<\/strong><\/span><br \/>\n<span style=\"color: #000000;\"> IGLESIA PUSACC, CAUSACHIHUAICU<\/span><br \/>\n<span style=\"color: #000000;\"> ALLIN CCATICCNIQUICUNATA<\/span><br \/>\n<span style=\"color: #000000;\"> JINALLATACC ALLIN SUTIQUI APACC-CUNATA JINA.<\/span><br \/>\n<span style=\"color: #000000;\"> CHAI LLAPAMPA RURACCNIN EVANGELIO JINA,<\/span><br \/>\n<span style=\"color: #000000;\"> ALLIN CAUSAIPI, ALLIN AILLUPI,<\/span><br \/>\n<span style=\"color: #000000;\"> JINALLATACC CCAUCA CAIPI.<\/span><\/p>\n<p><span style=\"color: #000000;\"><strong>VIRGEN MAR\u00cdA,IGLESIAPA MAMAN:<\/strong><\/span><br \/>\n<span style=\"color: #000000;\"> YANAPAI PEDROMAN CCATICCNINTA,<\/span><br \/>\n<span style=\"color: #000000;\"> PAI CALLPANCHAHUANCCACU CUSCALLA SUYAIPI<\/span><br \/>\n<span style=\"color: #000000;\"> PURINAICUPACC, CAI SANTOCUNAPA CAUSAININHUAN<\/span><br \/>\n<span style=\"color: #000000;\"> BENDECISCCA LLACCTAPI: ROSA DE LIMAPA,<\/span><br \/>\n<span style=\"color: #000000;\"> TORIBIO DE MOGROBEJOPA,<\/span><br \/>\n<span style=\"color: #000000;\"> JINALLATACC MART\u00cdN DE PORRESPA.<\/span><\/p>\n","protected":false},"excerpt":{"rendered":"<p>La Conferencia Episcopal Peruana (CEP) difundi\u00f3 la oraci\u00f3n del Papa Francisco, quien visitar\u00e1 el Per\u00fa en enero pr\u00f3ximo, en idiomas espa\u00f1ol y quechua. Lima, 18 Agosto 2017, (ANDINA).- La Conferencia Episcopal Peruana (CEP) difundi\u00f3 la oraci\u00f3n del Papa Francisco, quien visitar\u00e1 el Per\u00fa en enero pr\u00f3ximo, en idiomas espa\u00f1ol y quechua, para conocimiento de los [&hellip;]<\/p>\n","protected":false},"author":1,"featured_media":14625,"comment_status":"open","ping_status":"open","sticky":false,"template":"","format":"standard","meta":{"rop_custom_images_group":[],"rop_custom_messages_group":[],"rop_publish_now":"initial","rop_publish_now_accounts":[],"rop_publish_now_history":[],"rop_publish_now_status":"pending","footnotes":""},"categories":[10],"tags":[2025,1140],"class_list":["post-14624","post","type-post","status-publish","format-standard","has-post-thumbnail","hentry","category-actualidad-municipal","tag-conferencia-episcopal-peruana","tag-papa-francisco"],"_links":{"self":[{"href":"https:\/\/elinformanteperu.com\/index.php\/wp-json\/wp\/v2\/posts\/14624","targetHints":{"allow":["GET"]}}],"collection":[{"href":"https:\/\/elinformanteperu.com\/index.php\/wp-json\/wp\/v2\/posts"}],"about":[{"href":"https:\/\/elinformanteperu.com\/index.php\/wp-json\/wp\/v2\/types\/post"}],"author":[{"embeddable":true,"href":"https:\/\/elinformanteperu.com\/index.php\/wp-json\/wp\/v2\/users\/1"}],"replies":[{"embeddable":true,"href":"https:\/\/elinformanteperu.com\/index.php\/wp-json\/wp\/v2\/comments?post=14624"}],"version-history":[{"count":2,"href":"https:\/\/elinformanteperu.com\/index.php\/wp-json\/wp\/v2\/posts\/14624\/revisions"}],"predecessor-version":[{"id":14640,"href":"https:\/\/elinformanteperu.com\/index.php\/wp-json\/wp\/v2\/posts\/14624\/revisions\/14640"}],"wp:featuredmedia":[{"embeddable":true,"href":"https:\/\/elinformanteperu.com\/index.php\/wp-json\/wp\/v2\/media\/14625"}],"wp:attachment":[{"href":"https:\/\/elinformanteperu.com\/index.php\/wp-json\/wp\/v2\/media?parent=14624"}],"wp:term":[{"taxonomy":"category","embeddable":true,"href":"https:\/\/elinformanteperu.com\/index.php\/wp-json\/wp\/v2\/categories?post=14624"},{"taxonomy":"post_tag","embeddable":true,"href":"https:\/\/elinformanteperu.com\/index.php\/wp-json\/wp\/v2\/tags?post=14624"}],"curies":[{"name":"wp","href":"https:\/\/api.w.org\/{rel}","templated":true}]}}