{"id":146222,"date":"2026-02-05T23:24:15","date_gmt":"2026-02-06T04:24:15","guid":{"rendered":"https:\/\/elinformanteperu.com\/?p=146222"},"modified":"2026-02-05T23:24:15","modified_gmt":"2026-02-06T04:24:15","slug":"paolo-guerrero-aseguro-que-alianza-lima-no-merecio-ser-derrotado-en-paraguay","status":"publish","type":"post","link":"https:\/\/elinformanteperu.com\/index.php\/2026\/02\/05\/paolo-guerrero-aseguro-que-alianza-lima-no-merecio-ser-derrotado-en-paraguay\/","title":{"rendered":"Paolo Guerrero asegur\u00f3 que Alianza Lima no mereci\u00f3 ser derrotado en Paraguay"},"content":{"rendered":"<p><strong><span style=\"color: #000000;\">El delantero y capit\u00e1n \u00edntimo dijo que est\u00e1n enfocados en corregir los errores cometidos<\/span><\/strong><\/p>\n<p><span style=\"color: #000000;\"><strong>Lima, 5 de febrero 2026 (ANDINA).-<\/strong> El capit\u00e1n de Alianza Lima, Paolo Guerrero, asegur\u00f3 que no merecieron la derrota (1-0) ante el 2 de Mayo de Paraguay por el sacrificio que expusieron en el campo de juego y que ahora se enfocar\u00e1n en subsanar los errores cometidos para la vuelta del mi\u00e9rcoles en Matute.<\/span><\/p>\n<p><span style=\"color: #000000;\">Guerrero no pudo evitar sacar conclusiones de la ca\u00edda en tierras paraguaya, por lo que est\u00e1 seguro de que fue un resultado injusto por la forma de c\u00f3mo el equipo victoriano despleg\u00f3 sacrificio en el campo del estadio R\u00edo Parapit\u00ed de la ciudad de Pedro Juan Caballero.<\/span><\/p>\n<p><span style=\"color: #000000;\">\u00abTuvimos las mejores chances, pudimos haberlas aprovechado mejor pero el grupo hizo un trabajo de mucho sacrificio. La intensidad que pusieron en el primer tiempo fue grand\u00edsima, tuvimos para matar el partido ah\u00ed pero hay que seguir trabajando, mejorar y solo nos queda pensar en el partido del domingo, que tambi\u00e9n es muy importante, y despu\u00e9s tenemos el partido de vuelta en casa\u00bb, afirm\u00f3 el &#8216;depredador&#8217;.<\/span><\/p>\n<p><span style=\"color: #000000;\">Agreg\u00f3: \u00abHay que corregir errores estos d\u00edas, duele esta derrota porque creo que no la merec\u00edamos, por el desgaste y sacrificio que hizo el equipo, pero hay que seguir trabajando para corregir los errores y llegar bien al domingo\u00bb.<\/span><\/p>\n<p><span style=\"color: #000000;\">Sobre el presente del delantero argentino Federico Girotti, quien hasta el momento se encuentra de espaldas al gol, asever\u00f3 que su oportunidad de anotar va a llegar y que solo debe tener paciencia.<\/span><\/p>\n<p><span style=\"color: #000000;\">\u00abEs un jugador que tiene mucho olfato de gol, todav\u00eda no se le presenta la oportunidad, pero va a llegar. Antes del partido le digo que se enfoque en el gol, tranquilidad, encararlo de la mejor manera, su gol ya va a venir. En general el grupo hizo un gran trabajo, duele perder as\u00ed\u00bb, culmin\u00f3.<\/span><\/p>\n<p><span style=\"color: #000000;\">Guerrero no fue titular en el partido del \u00faltimo mi\u00e9rcoles y su presencia en el partido reci\u00e9n se dio desde el minuto 69. Durante el tiempo que estuvo en el cotejo no gener\u00f3 jugada de peligro.<\/span><\/p>\n","protected":false},"excerpt":{"rendered":"<p>El delantero y capit\u00e1n \u00edntimo dijo que est\u00e1n enfocados en corregir los errores cometidos Lima, 5 de febrero 2026 (ANDINA).- El capit\u00e1n de Alianza Lima, Paolo Guerrero, asegur\u00f3 que no merecieron la derrota (1-0) ante el 2 de Mayo de Paraguay por el sacrificio que expusieron en el campo de juego y que ahora se [&hellip;]<\/p>\n","protected":false},"author":1,"featured_media":146223,"comment_status":"closed","ping_status":"closed","sticky":false,"template":"","format":"standard","meta":{"rop_custom_images_group":[],"rop_custom_messages_group":[],"rop_publish_now":"initial","rop_publish_now_accounts":[],"rop_publish_now_history":[],"rop_publish_now_status":"pending","footnotes":""},"categories":[8],"tags":[8690,8736,203],"class_list":["post-146222","post","type-post","status-publish","format-standard","has-post-thumbnail","hentry","category-disciplinas-deportivas","tag-alianza-lima-2026","tag-copa-libertadores-2026","tag-paolo-guerrero"],"_links":{"self":[{"href":"https:\/\/elinformanteperu.com\/index.php\/wp-json\/wp\/v2\/posts\/146222","targetHints":{"allow":["GET"]}}],"collection":[{"href":"https:\/\/elinformanteperu.com\/index.php\/wp-json\/wp\/v2\/posts"}],"about":[{"href":"https:\/\/elinformanteperu.com\/index.php\/wp-json\/wp\/v2\/types\/post"}],"author":[{"embeddable":true,"href":"https:\/\/elinformanteperu.com\/index.php\/wp-json\/wp\/v2\/users\/1"}],"replies":[{"embeddable":true,"href":"https:\/\/elinformanteperu.com\/index.php\/wp-json\/wp\/v2\/comments?post=146222"}],"version-history":[{"count":1,"href":"https:\/\/elinformanteperu.com\/index.php\/wp-json\/wp\/v2\/posts\/146222\/revisions"}],"predecessor-version":[{"id":146224,"href":"https:\/\/elinformanteperu.com\/index.php\/wp-json\/wp\/v2\/posts\/146222\/revisions\/146224"}],"wp:featuredmedia":[{"embeddable":true,"href":"https:\/\/elinformanteperu.com\/index.php\/wp-json\/wp\/v2\/media\/146223"}],"wp:attachment":[{"href":"https:\/\/elinformanteperu.com\/index.php\/wp-json\/wp\/v2\/media?parent=146222"}],"wp:term":[{"taxonomy":"category","embeddable":true,"href":"https:\/\/elinformanteperu.com\/index.php\/wp-json\/wp\/v2\/categories?post=146222"},{"taxonomy":"post_tag","embeddable":true,"href":"https:\/\/elinformanteperu.com\/index.php\/wp-json\/wp\/v2\/tags?post=146222"}],"curies":[{"name":"wp","href":"https:\/\/api.w.org\/{rel}","templated":true}]}}