{"id":146026,"date":"2026-01-30T01:46:22","date_gmt":"2026-01-30T06:46:22","guid":{"rendered":"https:\/\/elinformanteperu.com\/?p=146026"},"modified":"2026-01-30T01:46:22","modified_gmt":"2026-01-30T06:46:22","slug":"la-molina-exhorta-a-suspender-obras-en-javier-prado-tras-caos-generado-por-desvios","status":"publish","type":"post","link":"https:\/\/elinformanteperu.com\/index.php\/2026\/01\/30\/la-molina-exhorta-a-suspender-obras-en-javier-prado-tras-caos-generado-por-desvios\/","title":{"rendered":"La Molina exhorta a suspender obras en Javier Prado tras caos generado por desv\u00edos"},"content":{"rendered":"<p><strong><span style=\"color: #000000;\">Deficiencias como la falta de se\u00f1alizaci\u00f3n, ausencia de efectivos policiales, entre otros, indic\u00f3 el municipio<\/span><\/strong><\/p>\n<p><span style=\"color: #000000;\"><strong>Lima, 29 de enero 2026 (ANDINA).-<\/strong> La Municipalidad de La Molina exhort\u00f3 a suspender de manera inmediata las obras que se ejecutan en la avenida Javier Prado Este, en el tramo comprendido entre las avenidas El Golf y Los Frutales, debido a serias deficiencias en la implementaci\u00f3n de los desv\u00edos vehiculares, los cuales vienen generando un grave congestionamiento y afectando a los vecinos del distrito.<\/span><\/p>\n<p><span style=\"color: #000000;\">A trav\u00e9s de un pronunciamiento p\u00fablico, la Municipalidad del distrito se\u00f1al\u00f3 que, si bien la construcci\u00f3n del viaducto en esta importante v\u00eda es una obra necesaria e impostergable para aliviar el tr\u00e1nsito en la zona, la forma en que se han dispuesto los desv\u00edos desde el inicio de la denominada \u201cmarcha blanca\u201d gener\u00f3 un caos adicional al ya existente.<\/span><\/p>\n<p><span style=\"color: #000000;\">El municipio advirti\u00f3 que La Molina cuenta \u00fanicamente con la avenida Javier Prado y la v\u00eda del Cerro Centinela como principales salidas hacia otros distritos de Lima, por lo que cualquier intervenci\u00f3n sin una adecuada planificaci\u00f3n impacta de manera directa en la movilidad y calidad de vida de la poblaci\u00f3n.<\/span><\/p>\n<p><span style=\"color: #000000;\">Asimismo, denunci\u00f3 una serie de incumplimientos por parte de la empresa contratista. A continuaci\u00f3n se nombrar\u00e1n las deficiencias que la municipalidad distrital observ\u00f3 en los desv\u00edos.<\/span><\/p>\n<p><span style=\"color: #000000;\">\u2022 Falta de se\u00f1alizaci\u00f3n adecuada<\/span><br \/>\n<span style=\"color: #000000;\">\u2022 Sem\u00e1foros no calibrados conforme al nuevo flujo vehicular<\/span><br \/>\n<span style=\"color: #000000;\">\u2022 Ausencia de efectivos policiales para el control del tr\u00e1nsito<\/span><br \/>\n<span style=\"color: #000000;\">\u2022 Carencia de personal encargado de regular el paso de camiones y transporte informal.<\/span><\/p>\n<p><a href=\"https:\/\/elinformanteperu.com\/wp-content\/uploads\/2026\/01\/via-javier-prado.webp\"><img fetchpriority=\"high\" decoding=\"async\" class=\"size-large wp-image-146028 aligncenter\" src=\"https:\/\/elinformanteperu.com\/wp-content\/uploads\/2026\/01\/via-javier-prado-1024x683.webp\" alt=\"\" width=\"615\" height=\"410\" srcset=\"https:\/\/elinformanteperu.com\/wp-content\/uploads\/2026\/01\/via-javier-prado-1024x683.webp 1024w, https:\/\/elinformanteperu.com\/wp-content\/uploads\/2026\/01\/via-javier-prado-300x200.webp 300w, https:\/\/elinformanteperu.com\/wp-content\/uploads\/2026\/01\/via-javier-prado-768x512.webp 768w, https:\/\/elinformanteperu.com\/wp-content\/uploads\/2026\/01\/via-javier-prado-1536x1024.webp 1536w, https:\/\/elinformanteperu.com\/wp-content\/uploads\/2026\/01\/via-javier-prado.webp 1920w\" sizes=\"(max-width: 615px) 100vw, 615px\" \/><\/a><span style=\"color: #000000;\">Ante esta situaci\u00f3n, la alcald\u00eda solicit\u00f3 a la Municipalidad Metropolitana de Lima y a Invermet, entidad a cargo del financiamiento del proyecto, paralizar temporalmente los trabajos, suspender los desv\u00edos implementados y reabrir completamente la v\u00eda hasta que se subsanen las deficiencias detectadas.<\/span><\/p>\n<p><span style=\"color: #000000;\">Asimismo, precis\u00f3 que esta medida busca salvaguardar la tranquilidad, seguridad y derechos de los vecinos del distrito, mientras se garantiza una adecuada ejecuci\u00f3n de la obra sin generar mayores perjuicios al tr\u00e1nsito vehicular.<\/span><\/p>\n<p><strong><span style=\"color: #000000;\">\u00bfCu\u00e1les son las rutas alternas?<\/span><\/strong><\/p>\n<p><span style=\"color: #000000;\">Ante el cierre parcial de la avenida Javier Prado por las obras de la nueva v\u00eda r\u00e1pida en La Molina, que durar\u00e1 aproximadamente 12 meses, se realizaron varias rutas alternas para los conductores durante esta etapa de desv\u00edos.<\/span><\/p>\n<p><span style=\"color: #000000;\">\u2022 Hacia La Molina: tomar la avenida El Golf, continuar por Ra\u00fal Ferrero, seguir por Alameda del Corregidor y luego por la avenida La Molina para reincorporarse a Javier Prado.<\/span><\/p>\n<p><span style=\"color: #000000;\">\u2022 Otra opci\u00f3n para avanzar hacia el este es desviarse por Las Palmeras y la avenida Separadora Industrial para regresar a Javier Prado m\u00e1s adelante.<\/span><\/p>\n<p><span style=\"color: #000000;\">\u2022 En sentido contrario (de La Molina hacia Lima), los conductores pueden usar la avenida La Fontana, Circunvalaci\u00f3n del Golf Los Incas o Nicol\u00e1s Arriola, dependiendo de su destino final.<\/span><\/p>\n<p><span style=\"color: #000000;\">Adem\u00e1s, la Autoridad de Transporte Urbano (ATU) inform\u00f3 que el Corredor Rojo no tendr\u00e1 desv\u00edos y continuar\u00e1 circulando por la avenida Javier Prado durante las obras, con un paradero temporal habilitado desde el inicio del cierre del bypass.<\/span><\/p>\n<p><a href=\"https:\/\/elinformanteperu.com\/wp-content\/uploads\/2026\/01\/via-javier-prado1.webp\"><img decoding=\"async\" class=\"size-large wp-image-146029 aligncenter\" src=\"https:\/\/elinformanteperu.com\/wp-content\/uploads\/2026\/01\/via-javier-prado1-1024x683.webp\" alt=\"\" width=\"615\" height=\"410\" srcset=\"https:\/\/elinformanteperu.com\/wp-content\/uploads\/2026\/01\/via-javier-prado1-1024x683.webp 1024w, https:\/\/elinformanteperu.com\/wp-content\/uploads\/2026\/01\/via-javier-prado1-300x200.webp 300w, https:\/\/elinformanteperu.com\/wp-content\/uploads\/2026\/01\/via-javier-prado1-768x512.webp 768w, https:\/\/elinformanteperu.com\/wp-content\/uploads\/2026\/01\/via-javier-prado1-1536x1024.webp 1536w, https:\/\/elinformanteperu.com\/wp-content\/uploads\/2026\/01\/via-javier-prado1.webp 1800w\" sizes=\"(max-width: 615px) 100vw, 615px\" \/><\/a><\/p>\n","protected":false},"excerpt":{"rendered":"<p>Deficiencias como la falta de se\u00f1alizaci\u00f3n, ausencia de efectivos policiales, entre otros, indic\u00f3 el municipio Lima, 29 de enero 2026 (ANDINA).- La Municipalidad de La Molina exhort\u00f3 a suspender de manera inmediata las obras que se ejecutan en la avenida Javier Prado Este, en el tramo comprendido entre las avenidas El Golf y Los Frutales, [&hellip;]<\/p>\n","protected":false},"author":1,"featured_media":146027,"comment_status":"closed","ping_status":"closed","sticky":false,"template":"","format":"standard","meta":{"rop_custom_images_group":[],"rop_custom_messages_group":[],"rop_publish_now":"initial","rop_publish_now_accounts":[],"rop_publish_now_history":[],"rop_publish_now_status":"pending","footnotes":""},"categories":[10],"tags":[5422,4559,8198,3780,965,122],"class_list":["post-146026","post","type-post","status-publish","format-standard","has-post-thumbnail","hentry","category-actualidad-municipal","tag-atu","tag-autoridad-de-transporte-urbano","tag-invermet","tag-javier-prado","tag-municipalidad-de-la-molina","tag-municipalidad-de-lima"],"_links":{"self":[{"href":"https:\/\/elinformanteperu.com\/index.php\/wp-json\/wp\/v2\/posts\/146026","targetHints":{"allow":["GET"]}}],"collection":[{"href":"https:\/\/elinformanteperu.com\/index.php\/wp-json\/wp\/v2\/posts"}],"about":[{"href":"https:\/\/elinformanteperu.com\/index.php\/wp-json\/wp\/v2\/types\/post"}],"author":[{"embeddable":true,"href":"https:\/\/elinformanteperu.com\/index.php\/wp-json\/wp\/v2\/users\/1"}],"replies":[{"embeddable":true,"href":"https:\/\/elinformanteperu.com\/index.php\/wp-json\/wp\/v2\/comments?post=146026"}],"version-history":[{"count":1,"href":"https:\/\/elinformanteperu.com\/index.php\/wp-json\/wp\/v2\/posts\/146026\/revisions"}],"predecessor-version":[{"id":146030,"href":"https:\/\/elinformanteperu.com\/index.php\/wp-json\/wp\/v2\/posts\/146026\/revisions\/146030"}],"wp:featuredmedia":[{"embeddable":true,"href":"https:\/\/elinformanteperu.com\/index.php\/wp-json\/wp\/v2\/media\/146027"}],"wp:attachment":[{"href":"https:\/\/elinformanteperu.com\/index.php\/wp-json\/wp\/v2\/media?parent=146026"}],"wp:term":[{"taxonomy":"category","embeddable":true,"href":"https:\/\/elinformanteperu.com\/index.php\/wp-json\/wp\/v2\/categories?post=146026"},{"taxonomy":"post_tag","embeddable":true,"href":"https:\/\/elinformanteperu.com\/index.php\/wp-json\/wp\/v2\/tags?post=146026"}],"curies":[{"name":"wp","href":"https:\/\/api.w.org\/{rel}","templated":true}]}}