{"id":145988,"date":"2026-01-29T22:17:35","date_gmt":"2026-01-30T03:17:35","guid":{"rendered":"https:\/\/elinformanteperu.com\/?p=145988"},"modified":"2026-01-29T22:17:35","modified_gmt":"2026-01-30T03:17:35","slug":"mal-tiempo-obliga-a-cancelar-nuevamente-mayoria-de-vuelos-en-aeropuerto-de-arequipa","status":"publish","type":"post","link":"https:\/\/elinformanteperu.com\/index.php\/2026\/01\/29\/mal-tiempo-obliga-a-cancelar-nuevamente-mayoria-de-vuelos-en-aeropuerto-de-arequipa\/","title":{"rendered":"Mal tiempo obliga a cancelar nuevamente mayor\u00eda de vuelos en aeropuerto de Arequipa"},"content":{"rendered":"<p><strong><span style=\"color: #000000;\">Primeros vuelos de la ma\u00f1ana, tanto de ingreso como salida, se cumplieron con normalidad<\/span><\/strong><\/p>\n<p><span style=\"color: #000000;\"><strong>Arequipa, 29 de enero 2026 (ANDINA).-<\/strong> Al menos quince vuelos fueron cancelados hoy en el aeropuerto Alfredo Rodr\u00edguez Ball\u00f3n de Arequipa, al presentarse densa neblina y lluvia, condici\u00f3n climatol\u00f3gica que reduce la visibilidad a\u00e9rea.<\/span><\/p>\n<p><span style=\"color: #000000;\">Alrededor de las 11:00 de la ma\u00f1ana, una densa neblina empez\u00f3 a cubrir el cielo arequipe\u00f1o y pocas horas despu\u00e9s se iniciaron las precipitaciones pluviales en toda la ciudad de Arequipa.<\/span><\/p>\n<p><a href=\"https:\/\/elinformanteperu.com\/wp-content\/uploads\/2026\/01\/arequipa-aeropuerto1.webp\"><img fetchpriority=\"high\" decoding=\"async\" class=\"size-full wp-image-145990 aligncenter\" src=\"https:\/\/elinformanteperu.com\/wp-content\/uploads\/2026\/01\/arequipa-aeropuerto1.webp\" alt=\"\" width=\"500\" height=\"334\" srcset=\"https:\/\/elinformanteperu.com\/wp-content\/uploads\/2026\/01\/arequipa-aeropuerto1.webp 500w, https:\/\/elinformanteperu.com\/wp-content\/uploads\/2026\/01\/arequipa-aeropuerto1-300x200.webp 300w\" sizes=\"(max-width: 500px) 100vw, 500px\" \/><\/a><span style=\"color: #000000;\">Los primeros vuelos de la ma\u00f1ana, tanto de ingreso como salida, se cumplieron con normalidad para satisfacci\u00f3n de los pasajeros que ten\u00edan pasajes entre las 07:00 y 11:00 horas.<\/span><\/p>\n<p><span style=\"color: #000000;\">Los vuelos de las 11:30 horas hacia adelante se cancelaron debido al mal tiempo que soporta la Ciudad Blanca.<\/span><\/p>\n<p><span style=\"color: #000000;\">A consecuencia de las condiciones climatol\u00f3gicas adversas que se vive en Arequipa, desde hace m\u00e1s de dos semanas, se ha registrado la cancelaci\u00f3n de vuelos de manera intermitente, situaci\u00f3n que ocasiona malestar entre los pasajeros.<\/span><\/p>\n<p><a href=\"https:\/\/elinformanteperu.com\/wp-content\/uploads\/2026\/01\/arequipa-aeropuerto2.webp\"><img decoding=\"async\" class=\"size-full wp-image-145991 aligncenter\" src=\"https:\/\/elinformanteperu.com\/wp-content\/uploads\/2026\/01\/arequipa-aeropuerto2.webp\" alt=\"\" width=\"500\" height=\"334\" srcset=\"https:\/\/elinformanteperu.com\/wp-content\/uploads\/2026\/01\/arequipa-aeropuerto2.webp 500w, https:\/\/elinformanteperu.com\/wp-content\/uploads\/2026\/01\/arequipa-aeropuerto2-300x200.webp 300w\" sizes=\"(max-width: 500px) 100vw, 500px\" \/><\/a><\/p>\n","protected":false},"excerpt":{"rendered":"<p>Primeros vuelos de la ma\u00f1ana, tanto de ingreso como salida, se cumplieron con normalidad Arequipa, 29 de enero 2026 (ANDINA).- Al menos quince vuelos fueron cancelados hoy en el aeropuerto Alfredo Rodr\u00edguez Ball\u00f3n de Arequipa, al presentarse densa neblina y lluvia, condici\u00f3n climatol\u00f3gica que reduce la visibilidad a\u00e9rea. Alrededor de las 11:00 de la ma\u00f1ana, [&hellip;]<\/p>\n","protected":false},"author":1,"featured_media":145989,"comment_status":"closed","ping_status":"closed","sticky":false,"template":"","format":"standard","meta":{"rop_custom_images_group":[],"rop_custom_messages_group":[],"rop_publish_now":"initial","rop_publish_now_accounts":[],"rop_publish_now_history":[],"rop_publish_now_status":"pending","footnotes":""},"categories":[10],"tags":[8731,769],"class_list":["post-145988","post","type-post","status-publish","format-standard","has-post-thumbnail","hentry","category-actualidad-municipal","tag-aeropuerto-de-arequipa","tag-arequipa"],"_links":{"self":[{"href":"https:\/\/elinformanteperu.com\/index.php\/wp-json\/wp\/v2\/posts\/145988","targetHints":{"allow":["GET"]}}],"collection":[{"href":"https:\/\/elinformanteperu.com\/index.php\/wp-json\/wp\/v2\/posts"}],"about":[{"href":"https:\/\/elinformanteperu.com\/index.php\/wp-json\/wp\/v2\/types\/post"}],"author":[{"embeddable":true,"href":"https:\/\/elinformanteperu.com\/index.php\/wp-json\/wp\/v2\/users\/1"}],"replies":[{"embeddable":true,"href":"https:\/\/elinformanteperu.com\/index.php\/wp-json\/wp\/v2\/comments?post=145988"}],"version-history":[{"count":1,"href":"https:\/\/elinformanteperu.com\/index.php\/wp-json\/wp\/v2\/posts\/145988\/revisions"}],"predecessor-version":[{"id":145992,"href":"https:\/\/elinformanteperu.com\/index.php\/wp-json\/wp\/v2\/posts\/145988\/revisions\/145992"}],"wp:featuredmedia":[{"embeddable":true,"href":"https:\/\/elinformanteperu.com\/index.php\/wp-json\/wp\/v2\/media\/145989"}],"wp:attachment":[{"href":"https:\/\/elinformanteperu.com\/index.php\/wp-json\/wp\/v2\/media?parent=145988"}],"wp:term":[{"taxonomy":"category","embeddable":true,"href":"https:\/\/elinformanteperu.com\/index.php\/wp-json\/wp\/v2\/categories?post=145988"},{"taxonomy":"post_tag","embeddable":true,"href":"https:\/\/elinformanteperu.com\/index.php\/wp-json\/wp\/v2\/tags?post=145988"}],"curies":[{"name":"wp","href":"https:\/\/api.w.org\/{rel}","templated":true}]}}