{"id":145945,"date":"2026-01-29T20:18:55","date_gmt":"2026-01-30T01:18:55","guid":{"rendered":"https:\/\/elinformanteperu.com\/?p=145945"},"modified":"2026-01-29T20:18:55","modified_gmt":"2026-01-30T01:18:55","slug":"jean-ferrari-asegura-que-mano-menezes-es-el-tecnico-que-hoy-la-seleccion-peruana-necesita","status":"publish","type":"post","link":"https:\/\/elinformanteperu.com\/index.php\/2026\/01\/29\/jean-ferrari-asegura-que-mano-menezes-es-el-tecnico-que-hoy-la-seleccion-peruana-necesita\/","title":{"rendered":"Jean Ferrari asegura que Mano Menezes es el t\u00e9cnico que hoy la selecci\u00f3n peruana necesita"},"content":{"rendered":"<p><strong><span style=\"color: #000000;\">El director general de f\u00fatbol de la FPF asegura que la Bicolor cuenta con un comando t\u00e9cnico de alt\u00edsimo nivel<\/span><\/strong><\/p>\n<p><span style=\"color: #000000;\"><strong>Lima, 29 de enero 2026 (ANDINA).-<\/strong> El director general de f\u00fatbol de la Federaci\u00f3n Peruana de F\u00fatbol (FPF), Jean Ferrari, admiti\u00f3 este jueves que Mano Menezes posee el perfil del t\u00e9cnico que hoy la selecci\u00f3n peruana necesita y que el proyecto que inicia el brasile\u00f1o apunta a la continuidad y sostenibilidad.<\/span><\/p>\n<p><span style=\"color: #000000;\">Ferrari resalt\u00f3 las cualidades del nuevo seleccionador nacional durante su presentaci\u00f3n y admiti\u00f3 que con Menezes se iniciar\u00e1 la reestructuraci\u00f3n y el cambio generacional en la bicolor.<\/span><\/p>\n<p><span style=\"color: #000000;\">\u201cEs un orgullo poder presentar oficialmente a un entrenador de talla mundial, con una trayectoria intachable y que calza con el perfil que estamos buscando. No se trata solo de hablar de estilo, sino de la necesidad de iniciar una reestructuraci\u00f3n y un cambio generacional\u201d, dijo<\/span><\/p>\n<p><span style=\"color: #000000;\">Otro de los puntos que resalt\u00f3 el exadministrador de Universitario fue que Mano Menezes sabe trabajar con j\u00f3venes y lo demostr\u00f3 cuando trabaj\u00f3 con la selecci\u00f3n ol\u00edmpica de Brasil.<\/span><\/p>\n<p><span style=\"color: #000000;\">\u201cMano sabe perfectamente c\u00f3mo trabajar con j\u00f3venes y con equipos de diferentes categor\u00edas. Estuvo al frente de una selecci\u00f3n de la talla de Brasil y hoy necesitamos una cabeza de ese nivel\u201d, atin\u00f3.<\/span><\/p>\n<p><span style=\"color: #000000;\">Agreg\u00f3: \u201cNos queda ponernos a disposici\u00f3n de su sabidur\u00eda y experiencia. Es un cuerpo t\u00e9cnico que sabe trabajar con la altura y cuenta con profesionales que han dirigido y analizado el f\u00fatbol brasile\u00f1o a nivel profesional. Realmente es un comando t\u00e9cnico de alt\u00edsimo nivel y es un lujo tenerlos\u201d, indic\u00f3.<\/span><\/p>\n<p><span style=\"color: #000000;\">Finalmente, Jean Ferrari se\u00f1al\u00f3 que el nuevo proceso se inicia el 1 de marzo y se planea que sea sostenible en el tiempo.<\/span><\/p>\n<p><span style=\"color: #000000;\">\u201cEl reto es que este trabajo sea continuo y sostenible. El proceso iniciar\u00e1 a partir del primero de marzo. Agradecemos la confianza en lo que hemos planteado y estamos totalmente a disposici\u00f3n\u201d, finaliz\u00f3.<\/span><\/p>\n<p><span style=\"color: #000000;\">Como se sabe, Mano Menezes, de 63 a\u00f1os, fue presentado de manera oficial como t\u00e9cnico de la selecci\u00f3n peruana, convirti\u00e9ndose en el s\u00e9timo entrenador brasile\u00f1o en dirigir a la Bicolor en su historia.<\/span><\/p>\n<p><span style=\"color: #000000;\">Menezes se suma a Jaime de Almeida (1962), Jos\u00e9 Gomes Nogueira (1966), Waldir Pereira &#8216;Did\u00ed&#8217; (1970), Elba de Padua &#8216;Tim&#8217; (1981), Jos\u00e9 Macia &#8216;Pepe&#8217; (1989), Paulo Autuori (2003).<\/span><\/p>\n","protected":false},"excerpt":{"rendered":"<p>El director general de f\u00fatbol de la FPF asegura que la Bicolor cuenta con un comando t\u00e9cnico de alt\u00edsimo nivel Lima, 29 de enero 2026 (ANDINA).- El director general de f\u00fatbol de la Federaci\u00f3n Peruana de F\u00fatbol (FPF), Jean Ferrari, admiti\u00f3 este jueves que Mano Menezes posee el perfil del t\u00e9cnico que hoy la selecci\u00f3n [&hellip;]<\/p>\n","protected":false},"author":1,"featured_media":145946,"comment_status":"closed","ping_status":"closed","sticky":false,"template":"","format":"standard","meta":{"rop_custom_images_group":[],"rop_custom_messages_group":[],"rop_publish_now":"initial","rop_publish_now_accounts":[],"rop_publish_now_history":[],"rop_publish_now_status":"pending","footnotes":""},"categories":[8],"tags":[4754,8488],"class_list":["post-145945","post","type-post","status-publish","format-standard","has-post-thumbnail","hentry","category-disciplinas-deportivas","tag-jean-ferrari","tag-mano-menezes"],"_links":{"self":[{"href":"https:\/\/elinformanteperu.com\/index.php\/wp-json\/wp\/v2\/posts\/145945","targetHints":{"allow":["GET"]}}],"collection":[{"href":"https:\/\/elinformanteperu.com\/index.php\/wp-json\/wp\/v2\/posts"}],"about":[{"href":"https:\/\/elinformanteperu.com\/index.php\/wp-json\/wp\/v2\/types\/post"}],"author":[{"embeddable":true,"href":"https:\/\/elinformanteperu.com\/index.php\/wp-json\/wp\/v2\/users\/1"}],"replies":[{"embeddable":true,"href":"https:\/\/elinformanteperu.com\/index.php\/wp-json\/wp\/v2\/comments?post=145945"}],"version-history":[{"count":1,"href":"https:\/\/elinformanteperu.com\/index.php\/wp-json\/wp\/v2\/posts\/145945\/revisions"}],"predecessor-version":[{"id":145947,"href":"https:\/\/elinformanteperu.com\/index.php\/wp-json\/wp\/v2\/posts\/145945\/revisions\/145947"}],"wp:featuredmedia":[{"embeddable":true,"href":"https:\/\/elinformanteperu.com\/index.php\/wp-json\/wp\/v2\/media\/145946"}],"wp:attachment":[{"href":"https:\/\/elinformanteperu.com\/index.php\/wp-json\/wp\/v2\/media?parent=145945"}],"wp:term":[{"taxonomy":"category","embeddable":true,"href":"https:\/\/elinformanteperu.com\/index.php\/wp-json\/wp\/v2\/categories?post=145945"},{"taxonomy":"post_tag","embeddable":true,"href":"https:\/\/elinformanteperu.com\/index.php\/wp-json\/wp\/v2\/tags?post=145945"}],"curies":[{"name":"wp","href":"https:\/\/api.w.org\/{rel}","templated":true}]}}