{"id":145811,"date":"2026-01-27T23:01:56","date_gmt":"2026-01-28T04:01:56","guid":{"rendered":"https:\/\/elinformanteperu.com\/?p=145811"},"modified":"2026-01-27T23:01:56","modified_gmt":"2026-01-28T04:01:56","slug":"universitario-dt-rabanal-hablo-del-presente-crema-y-de-la-calidad-de-sekou-gassama","status":"publish","type":"post","link":"https:\/\/elinformanteperu.com\/index.php\/2026\/01\/27\/universitario-dt-rabanal-hablo-del-presente-crema-y-de-la-calidad-de-sekou-gassama\/","title":{"rendered":"Universitario: DT Rabanal habl\u00f3 del presente crema y de la calidad de Sekou Gassama"},"content":{"rendered":"<p><strong><span style=\"color: #000000;\">El estratega desliz\u00f3 la posibilidad de traer a un extranjero m\u00e1s y resalt\u00f3 las cualidades del delantero africano<\/span><\/strong><\/p>\n<p><span style=\"color: #000000;\"><strong>Lima, 27 de enero 2026 (ANDINA).-<\/strong> El t\u00e9cnico de Universitario, Javier Rabanal, no cerr\u00f3 la posibilidad de sumar un refuerzo extranjero m\u00e1s y para ello esperar\u00e1 que surja una opci\u00f3n interesante en el marcado; tambi\u00e9n resalt\u00f3 el compromiso de sus jugadores para plasmar en el campo su idea de juego.<\/span><\/p>\n<p><span style=\"color: #000000;\">El estratega espa\u00f1ol resalt\u00f3 la actitud de su escuadra durante los partidos amistosos disputados en la pretemporada, en el que not\u00f3 que sus jugadores trataron de proponer todo lo trabajado durante los entrenamientos.<\/span><\/p>\n<p><span style=\"color: #000000;\">\u00abLo hecho ante la U de Chile fue positivo porque, en general, todo lo que se trabaj\u00f3 en las tres primeras semanas los jugadores lo hicieron o intentaron hacerlo. Hab\u00edamos hablado de tener confianza con el bal\u00f3n y el equipo lo intent\u00f3\u00bb, dijo el DT.<\/span><\/p>\n<p><span style=\"color: #000000;\">Rabanal enfatiz\u00f3 de que busca que Universitario, en cada partido, tenga una constante salida limpia, alta presi\u00f3n y buen trato del bal\u00f3n, caracter\u00edstica que de a pocos van asumiendo sus pupilos.<\/span><\/p>\n<p><span style=\"color: #000000;\">\u00abPor ah\u00ed hubo alg\u00fan error que casi nos cuesta un gol, pero el equipo intent\u00f3 siempre presionar tras la p\u00e9rdida, salir jugando y tener buen manejo. Ahora nos falta trabajar en las \u00e1reas: defender y atacar en campo contrario y ver c\u00f3mo protegernos cuando no tengamos el bal\u00f3n\u00bb, explic\u00f3 a RPP.<\/span><\/p>\n<p><span style=\"color: #000000;\">Con respecto de sumar a un nuevo jugador for\u00e1neo, Javier Rabanal admiti\u00f3 que no se desespera porque si es traer por traer, entonces prefiere quedarse con los jugadores que tiene porque asegura posee un plantel bueno.<\/span><\/p>\n<p><span style=\"color: #000000;\">\u00abNo conozco ning\u00fan entrenador que no quiera un fichaje m\u00e1s, todos siempre van a pedir uno m\u00e1s. Pero ya lo hablamos con el club: si aparece una muy buena oportunidad, en una ubicaci\u00f3n espec\u00edfica, haremos el esfuerzo. Si es traer por traer, con lo que tengo me basta, porque mi plantel es muy bueno\u00bb, precis\u00f3.<\/span><\/p>\n<p><strong><span style=\"color: #000000;\">Gassama sorprender\u00e1<\/span><\/strong><\/p>\n<p><span style=\"color: #000000;\">Sobre la actualidad del delantero senegal\u00e9s-espa\u00f1ol, Sekou Gassama, de quien la hinchada tiene una alta expectativa, asever\u00f3 que es un cabeceador y definidor, por lo de constancia de su calidad debido a que lo ha seguido bastante.<\/span><\/p>\n<p><span style=\"color: #000000;\">\u00abLo vi yo y lo he seguido bastante. Es un \u20189\u2019 de \u00e1rea, grande, fuerte, que puede descargar muy bien en ataque. Es diferente a los que ya tenemos. Juega m\u00e1s dentro del \u00e1rea, es buen cabeceador y definidor, y seguramente, nos ayudar\u00e1 cuando tengamos rivales que se nos cierren m\u00e1s de la cuenta\u00bb, finaliz\u00f3.<\/span><\/p>\n<p><span style=\"color: #000000;\">Hasta el momento, Universitario cuenta con siete jugadores extranjeros como Miguel Silveira dos Santos (Brasil) , Ca\u00edn Fara (Argentina), H\u00e9ctor F\u00e9rtoli (Argentina), Lisandro Alzugaray (Argentina) y Sekou Gassama (Espa\u00f1a), Mat\u00edas Di Benedetto (Argentina) y William Riveros (Paraguay).<\/span><\/p>\n<p><span style=\"color: #000000;\">Ahora, si Di Benedetto y Riveros logran pasar el segundo examen y obtienen la nacionalidad peruana dejar\u00e1n dos cupos disponibles de extranjeros para que puedan se copados por dos refuerzos m\u00e1s, ya que en la Liga 1 2026 se puede utilizar hasta siete futbolistas for\u00e1neos.<\/span><\/p>\n<blockquote class=\"twitter-tweet\">\n<p dir=\"ltr\" lang=\"es\">\ud835\udde8\ud835\udde1 \ud835\udde5\ud835\uddd8\ud835\uddd6\ud835\udddc\ud835\uddd5\ud835\udddc\ud835\udde0\ud835\udddc\ud835\uddd8\ud835\udde1\ud835\udde7\ud835\udde2 \ud835\uddd4 \ud835\udddf\ud835\uddd4 \ud835\uddd4\ud835\udddf\ud835\udde7\ud835\udde8\ud835\udde5\ud835\uddd4 \ud835\uddd7\ud835\uddd8\ud835\udddf \u24ca\ud835\udde1\ud835\udddc\ud835\uddd6\ud835\udde2 \ud835\uddda\ud835\udde5\ud835\uddd4\ud835\udde1\ud835\uddd7\ud835\uddd8 \ud83e\udd2f\ud83d\udd1d<a href=\"https:\/\/twitter.com\/hashtag\/NocheCrema2026?src=hash&amp;ref_src=twsrc%5Etfw\">#NocheCrema2026<\/a><a href=\"https:\/\/twitter.com\/hashtag\/UnaHistoriaDeGrandeza?src=hash&amp;ref_src=twsrc%5Etfw\">#UnaHistoriaDeGrandeza<\/a> <a href=\"https:\/\/t.co\/tnNAExfTOQ\">pic.twitter.com\/tnNAExfTOQ<\/a><\/p>\n<p>\u2014 Universitario (@Universitario) <a href=\"https:\/\/twitter.com\/Universitario\/status\/2015479864485134609?ref_src=twsrc%5Etfw\">January 25, 2026<\/a><\/p><\/blockquote>\n<p><script async src=\"https:\/\/platform.twitter.com\/widgets.js\" charset=\"utf-8\"><\/script><\/p>\n","protected":false},"excerpt":{"rendered":"<p>El estratega desliz\u00f3 la posibilidad de traer a un extranjero m\u00e1s y resalt\u00f3 las cualidades del delantero africano Lima, 27 de enero 2026 (ANDINA).- El t\u00e9cnico de Universitario, Javier Rabanal, no cerr\u00f3 la posibilidad de sumar un refuerzo extranjero m\u00e1s y para ello esperar\u00e1 que surja una opci\u00f3n interesante en el marcado; tambi\u00e9n resalt\u00f3 el [&hellip;]<\/p>\n","protected":false},"author":1,"featured_media":145812,"comment_status":"closed","ping_status":"closed","sticky":false,"template":"","format":"standard","meta":{"rop_custom_images_group":[],"rop_custom_messages_group":[],"rop_publish_now":"initial","rop_publish_now_accounts":[],"rop_publish_now_history":[],"rop_publish_now_status":"pending","footnotes":""},"categories":[8],"tags":[8698,8714,8691],"class_list":["post-145811","post","type-post","status-publish","format-standard","has-post-thumbnail","hentry","category-disciplinas-deportivas","tag-javier-rabanal","tag-sekou-gassama","tag-universitario-de-deportes-2026"],"_links":{"self":[{"href":"https:\/\/elinformanteperu.com\/index.php\/wp-json\/wp\/v2\/posts\/145811","targetHints":{"allow":["GET"]}}],"collection":[{"href":"https:\/\/elinformanteperu.com\/index.php\/wp-json\/wp\/v2\/posts"}],"about":[{"href":"https:\/\/elinformanteperu.com\/index.php\/wp-json\/wp\/v2\/types\/post"}],"author":[{"embeddable":true,"href":"https:\/\/elinformanteperu.com\/index.php\/wp-json\/wp\/v2\/users\/1"}],"replies":[{"embeddable":true,"href":"https:\/\/elinformanteperu.com\/index.php\/wp-json\/wp\/v2\/comments?post=145811"}],"version-history":[{"count":1,"href":"https:\/\/elinformanteperu.com\/index.php\/wp-json\/wp\/v2\/posts\/145811\/revisions"}],"predecessor-version":[{"id":145813,"href":"https:\/\/elinformanteperu.com\/index.php\/wp-json\/wp\/v2\/posts\/145811\/revisions\/145813"}],"wp:featuredmedia":[{"embeddable":true,"href":"https:\/\/elinformanteperu.com\/index.php\/wp-json\/wp\/v2\/media\/145812"}],"wp:attachment":[{"href":"https:\/\/elinformanteperu.com\/index.php\/wp-json\/wp\/v2\/media?parent=145811"}],"wp:term":[{"taxonomy":"category","embeddable":true,"href":"https:\/\/elinformanteperu.com\/index.php\/wp-json\/wp\/v2\/categories?post=145811"},{"taxonomy":"post_tag","embeddable":true,"href":"https:\/\/elinformanteperu.com\/index.php\/wp-json\/wp\/v2\/tags?post=145811"}],"curies":[{"name":"wp","href":"https:\/\/api.w.org\/{rel}","templated":true}]}}