{"id":145780,"date":"2026-01-27T02:23:08","date_gmt":"2026-01-27T07:23:08","guid":{"rendered":"https:\/\/elinformanteperu.com\/?p=145780"},"modified":"2026-01-27T02:23:08","modified_gmt":"2026-01-27T07:23:08","slug":"bus-del-metropolitano-involucrado-en-accidente-si-tiene-soat-informo-la-atu","status":"publish","type":"post","link":"https:\/\/elinformanteperu.com\/index.php\/2026\/01\/27\/bus-del-metropolitano-involucrado-en-accidente-si-tiene-soat-informo-la-atu\/","title":{"rendered":"Bus del Metropolitano involucrado en accidente s\u00ed tiene SOAT, inform\u00f3 la ATU"},"content":{"rendered":"<p><strong><span style=\"color: #000000;\">Se retir\u00f3 la unidad y se restableci\u00f3 el tr\u00e1nsito vehicular en la estaci\u00f3n M\u00e9xico<\/span><\/strong><\/p>\n<p><span style=\"color: #000000;\"><strong>Lima, 26 de enero 2026 (ANDINA).-<\/strong> Tras el choque de un bus del Metropolitano contra el puente en la Estaci\u00f3n M\u00e9xico, la Autoridad de Transporte Urbano (ATU) para Lima y Callao, inform\u00f3 que la unidad de placa A20785 s\u00ed cuenta con un Seguro Obligatorio de Accidentes de Tr\u00e1nsito (SOAT).<\/span><\/p>\n<p><span style=\"color: #000000;\">En horas de la ma\u00f1ana del d\u00eda de hoy, en la v\u00eda expresa del Paseo de la Rep\u00fablica, en el distrito de La Victoria, un bus del Metropolitano colision\u00f3 contra el puente en la Estaci\u00f3n M\u00e9xico, lo que gener\u00f3 una intensa congesti\u00f3n vehicular, afectando el tr\u00e1nsito.<\/span><\/p>\n<p><span style=\"color: #000000;\">Asimismo, dej\u00f3 m\u00e1s de 30 personas heridas, quienes fueron trasladadas a diversos centros de salud, entre ellos los hospitales Casimiro Ulloa y Arzobispo Loayza, adem\u00e1s de la Cl\u00ednica Javier Prado, la Cl\u00ednica Internacional y otros nosocomios de Lima Metropolitana.<\/span><\/p>\n<p><a href=\"https:\/\/elinformanteperu.com\/wp-content\/uploads\/2026\/01\/metropolitano-accidente-5.webp\"><img fetchpriority=\"high\" decoding=\"async\" class=\"size-large wp-image-145782 aligncenter\" src=\"https:\/\/elinformanteperu.com\/wp-content\/uploads\/2026\/01\/metropolitano-accidente-5-1024x683.webp\" alt=\"\" width=\"615\" height=\"410\" srcset=\"https:\/\/elinformanteperu.com\/wp-content\/uploads\/2026\/01\/metropolitano-accidente-5-1024x683.webp 1024w, https:\/\/elinformanteperu.com\/wp-content\/uploads\/2026\/01\/metropolitano-accidente-5-300x200.webp 300w, https:\/\/elinformanteperu.com\/wp-content\/uploads\/2026\/01\/metropolitano-accidente-5-768x512.webp 768w, https:\/\/elinformanteperu.com\/wp-content\/uploads\/2026\/01\/metropolitano-accidente-5-1536x1024.webp 1536w, https:\/\/elinformanteperu.com\/wp-content\/uploads\/2026\/01\/metropolitano-accidente-5.webp 1920w\" sizes=\"(max-width: 615px) 100vw, 615px\" \/><\/a><span style=\"color: #000000;\">A trav\u00e9s de un comunicado en sus cuentas oficiales, la ATU se\u00f1al\u00f3 que el bus involucrado cuenta con SOAT activo hasta mayo del presente a\u00f1o, que permitir\u00e1 cubrir la atenci\u00f3n m\u00e9dica de los pasajeros que lo requieran. Asimismo, precis\u00f3 que el Certificado de Inspecci\u00f3n T\u00e9cnica Vehicular (CITV) de la unidad se encuentra en regla.<\/span><\/p>\n<p><span style=\"color: #000000;\">Por otro lado, la entidad agradeci\u00f3 el apoyo oportuno de la Polic\u00eda Nacional del Per\u00fa (PNP), el Servicio de Atenci\u00f3n M\u00f3vil de Urgencia (SAMU), el Cuerpo General de Bomberos Voluntarios del Per\u00fa, as\u00ed como de la Gerencia de Gesti\u00f3n del Riesgo de Desastres de la Municipalidad de Lima.<\/span><\/p>\n<p><span style=\"color: #000000;\">Actualmente, el servicio del Metropolitano y el tr\u00e1nsito vehicular fueron restablecidos luego del retiro de la unidad involucrada, de placa A20785.<\/span><\/p>\n","protected":false},"excerpt":{"rendered":"<p>Se retir\u00f3 la unidad y se restableci\u00f3 el tr\u00e1nsito vehicular en la estaci\u00f3n M\u00e9xico Lima, 26 de enero 2026 (ANDINA).- Tras el choque de un bus del Metropolitano contra el puente en la Estaci\u00f3n M\u00e9xico, la Autoridad de Transporte Urbano (ATU) para Lima y Callao, inform\u00f3 que la unidad de placa A20785 s\u00ed cuenta con [&hellip;]<\/p>\n","protected":false},"author":1,"featured_media":145781,"comment_status":"closed","ping_status":"closed","sticky":false,"template":"","format":"standard","meta":{"rop_custom_images_group":[],"rop_custom_messages_group":[],"rop_publish_now":"initial","rop_publish_now_accounts":[],"rop_publish_now_history":[],"rop_publish_now_status":"pending","footnotes":""},"categories":[10],"tags":[5422,4559,825,671],"class_list":["post-145780","post","type-post","status-publish","format-standard","has-post-thumbnail","hentry","category-actualidad-municipal","tag-atu","tag-autoridad-de-transporte-urbano","tag-metropolitano","tag-soat"],"_links":{"self":[{"href":"https:\/\/elinformanteperu.com\/index.php\/wp-json\/wp\/v2\/posts\/145780","targetHints":{"allow":["GET"]}}],"collection":[{"href":"https:\/\/elinformanteperu.com\/index.php\/wp-json\/wp\/v2\/posts"}],"about":[{"href":"https:\/\/elinformanteperu.com\/index.php\/wp-json\/wp\/v2\/types\/post"}],"author":[{"embeddable":true,"href":"https:\/\/elinformanteperu.com\/index.php\/wp-json\/wp\/v2\/users\/1"}],"replies":[{"embeddable":true,"href":"https:\/\/elinformanteperu.com\/index.php\/wp-json\/wp\/v2\/comments?post=145780"}],"version-history":[{"count":1,"href":"https:\/\/elinformanteperu.com\/index.php\/wp-json\/wp\/v2\/posts\/145780\/revisions"}],"predecessor-version":[{"id":145783,"href":"https:\/\/elinformanteperu.com\/index.php\/wp-json\/wp\/v2\/posts\/145780\/revisions\/145783"}],"wp:featuredmedia":[{"embeddable":true,"href":"https:\/\/elinformanteperu.com\/index.php\/wp-json\/wp\/v2\/media\/145781"}],"wp:attachment":[{"href":"https:\/\/elinformanteperu.com\/index.php\/wp-json\/wp\/v2\/media?parent=145780"}],"wp:term":[{"taxonomy":"category","embeddable":true,"href":"https:\/\/elinformanteperu.com\/index.php\/wp-json\/wp\/v2\/categories?post=145780"},{"taxonomy":"post_tag","embeddable":true,"href":"https:\/\/elinformanteperu.com\/index.php\/wp-json\/wp\/v2\/tags?post=145780"}],"curies":[{"name":"wp","href":"https:\/\/api.w.org\/{rel}","templated":true}]}}