{"id":145764,"date":"2026-01-27T02:03:04","date_gmt":"2026-01-27T07:03:04","guid":{"rendered":"https:\/\/elinformanteperu.com\/?p=145764"},"modified":"2026-01-27T02:03:04","modified_gmt":"2026-01-27T07:03:04","slug":"accidente-del-metropolitano-deja-35-heridos-a-donde-fueron-derivados","status":"publish","type":"post","link":"https:\/\/elinformanteperu.com\/index.php\/2026\/01\/27\/accidente-del-metropolitano-deja-35-heridos-a-donde-fueron-derivados\/","title":{"rendered":"Accidente del Metropolitano deja 35 heridos: \u00bfa d\u00f3nde fueron derivados?"},"content":{"rendered":"<p><strong><span style=\"color: #000000;\">Los heridos fueron clasificados como leves y moderados, informaron los bomberos. No hay heridos graves<\/span><\/strong><\/p>\n<p><span style=\"color: #000000;\"><strong>Lima, 26 de enero 2026 (ANDINA).-<\/strong> Unos 35 heridos, entre leves y moderados, ha dejado la colisi\u00f3n de un \u00f3mnibus del Metropolitano contra un muro de concreto de la estaci\u00f3n M\u00e9xico, en el distrito de La Victoria. El siniestro, ocurrido alrededor de las 7:00 a.m. genera gran congesti\u00f3n vehicular en la V\u00eda Expresa en plena hora punta.<\/span><\/p>\n<p><span style=\"color: #000000;\">El reporte de los heridos fue brindado por el oficial al mando de la emergencia, Haddad Erquinigo, de la Bomba Salvadora Lima, quien asegur\u00f3 que, pese a la gravedad del choque, ninguno de los pasajeros result\u00f3 con heridas de gravedad. Detall\u00f3 a d\u00f3nde fueron conducidos los usuarios atendidos por los equipos de emergencia:<\/span><\/p>\n<p><span style=\"color: #000000;\">-15 heridos leves fueron traslados por la Polic\u00eda Nacional a los hospitales Casimiro Ulloa y Arzobispo Loayza<\/span><\/p>\n<p><span style=\"color: #000000;\">-2 heridos fueron atendidos por las ambulancias de los Bomberos a la Cl\u00ednica Javier Prado<\/span><\/p>\n<p><span style=\"color: #000000;\">-3 heridos fueron llevados a la Cl\u00ednica Internacional del Centro de Lima<\/span><\/p>\n<p><span style=\"color: #000000;\">-5 heridos fueron trasladado por ambulancias de SAMU a diversos nosocomios de Lima Centro.<\/span><\/p>\n<p><a href=\"https:\/\/elinformanteperu.com\/wp-content\/uploads\/2026\/01\/metropolitano-accidente.webp\"><img fetchpriority=\"high\" decoding=\"async\" class=\"size-full wp-image-145760 aligncenter\" src=\"https:\/\/elinformanteperu.com\/wp-content\/uploads\/2026\/01\/metropolitano-accidente.webp\" alt=\"\" width=\"500\" height=\"333\" srcset=\"https:\/\/elinformanteperu.com\/wp-content\/uploads\/2026\/01\/metropolitano-accidente.webp 500w, https:\/\/elinformanteperu.com\/wp-content\/uploads\/2026\/01\/metropolitano-accidente-300x200.webp 300w\" sizes=\"(max-width: 500px) 100vw, 500px\" \/><\/a><span style=\"color: #000000;\">\u201cTenemos heridos moderado y leves, no tenemos de consideraci\u00f3n grave\u201d, expres\u00f3 Erquingo Baz\u00e1n, quien dijo que hasta el momento se desconoce si las causas del accidente fueron mec\u00e1nicas o humana.<\/span><\/p>\n<p><span style=\"color: #000000;\">Entre los heridos del choque se encuentra el conductor, quien recibi\u00f3 los primeros auxilios al interior del del \u00f3mnibus. Su identidad no fue proporcionada.<\/span><\/p>\n<p><span style=\"color: #000000;\">En un comunicado posterior, EsSalud inform\u00f3 que una de sus ambulancias traslad\u00f3 a uno de los heridos al Hospital de la Fuerza A\u00e9rea del Per\u00fa. Otra unidad se encuentra a la expectativa en el lugar del accidente.<\/span><\/p>\n<p><span style=\"color: #000000;\">Los bomberos que atendieron el accidente atendieron la emergencia y aseguraron la escena, ya que la unidad opera a gas, pero descart\u00f3 que el siniestro haya producido una fuga.<\/span><\/p>\n<p><span style=\"color: #000000;\">El accidente ocurri\u00f3 alrededor de las 6:55 a. m. e involucr\u00f3 a una unidad del servicio Expreso 5 del Metropolitano, que circulaba en sentido hacia Miraflores. Por causas que a\u00fan son materia de investigaci\u00f3n, el veh\u00edculo se desvi\u00f3 hacia la derecha y termin\u00f3 empotrado entre metro y medio y dos metros contra la base del puente de la estaci\u00f3n M\u00e9xico.<\/span><\/p>\n<p><span style=\"color: #000000;\">El impacto fue de gran magnitud y destruy\u00f3 por completo la parte delantera derecha del bus. Las lunas quedaron rotas y varios asientos se desplazaron por la fuerza del choque, lo que habr\u00eda ocasionado que numerosos pasajeros resultaran golpeados, principalmente quienes se encontraban sentados en la parte delantera de la unidad.<\/span><\/p>\n<p><span style=\"color: #000000;\">Testigos y personal de apoyo ayudaron a evacuar a los pasajeros por las puertas habilitadas, mientras que otros permanecieron dentro del bus debido a heridas o al estado de shock.<\/span><\/p>\n","protected":false},"excerpt":{"rendered":"<p>Los heridos fueron clasificados como leves y moderados, informaron los bomberos. No hay heridos graves Lima, 26 de enero 2026 (ANDINA).- Unos 35 heridos, entre leves y moderados, ha dejado la colisi\u00f3n de un \u00f3mnibus del Metropolitano contra un muro de concreto de la estaci\u00f3n M\u00e9xico, en el distrito de La Victoria. El siniestro, ocurrido [&hellip;]<\/p>\n","protected":false},"author":1,"featured_media":145765,"comment_status":"closed","ping_status":"closed","sticky":false,"template":"","format":"standard","meta":{"rop_custom_images_group":[],"rop_custom_messages_group":[],"rop_publish_now":"initial","rop_publish_now_accounts":[],"rop_publish_now_history":[],"rop_publish_now_status":"pending","footnotes":""},"categories":[10],"tags":[5422,4559,825],"class_list":["post-145764","post","type-post","status-publish","format-standard","has-post-thumbnail","hentry","category-actualidad-municipal","tag-atu","tag-autoridad-de-transporte-urbano","tag-metropolitano"],"_links":{"self":[{"href":"https:\/\/elinformanteperu.com\/index.php\/wp-json\/wp\/v2\/posts\/145764","targetHints":{"allow":["GET"]}}],"collection":[{"href":"https:\/\/elinformanteperu.com\/index.php\/wp-json\/wp\/v2\/posts"}],"about":[{"href":"https:\/\/elinformanteperu.com\/index.php\/wp-json\/wp\/v2\/types\/post"}],"author":[{"embeddable":true,"href":"https:\/\/elinformanteperu.com\/index.php\/wp-json\/wp\/v2\/users\/1"}],"replies":[{"embeddable":true,"href":"https:\/\/elinformanteperu.com\/index.php\/wp-json\/wp\/v2\/comments?post=145764"}],"version-history":[{"count":1,"href":"https:\/\/elinformanteperu.com\/index.php\/wp-json\/wp\/v2\/posts\/145764\/revisions"}],"predecessor-version":[{"id":145766,"href":"https:\/\/elinformanteperu.com\/index.php\/wp-json\/wp\/v2\/posts\/145764\/revisions\/145766"}],"wp:featuredmedia":[{"embeddable":true,"href":"https:\/\/elinformanteperu.com\/index.php\/wp-json\/wp\/v2\/media\/145765"}],"wp:attachment":[{"href":"https:\/\/elinformanteperu.com\/index.php\/wp-json\/wp\/v2\/media?parent=145764"}],"wp:term":[{"taxonomy":"category","embeddable":true,"href":"https:\/\/elinformanteperu.com\/index.php\/wp-json\/wp\/v2\/categories?post=145764"},{"taxonomy":"post_tag","embeddable":true,"href":"https:\/\/elinformanteperu.com\/index.php\/wp-json\/wp\/v2\/tags?post=145764"}],"curies":[{"name":"wp","href":"https:\/\/api.w.org\/{rel}","templated":true}]}}