{"id":145756,"date":"2026-01-27T01:52:42","date_gmt":"2026-01-27T06:52:42","guid":{"rendered":"https:\/\/elinformanteperu.com\/?p=145756"},"modified":"2026-01-27T01:52:42","modified_gmt":"2026-01-27T06:52:42","slug":"accidente-del-metropolitano-transito-en-via-expresa-fue-restablecido-tras-retiro-de-bus","status":"publish","type":"post","link":"https:\/\/elinformanteperu.com\/index.php\/2026\/01\/27\/accidente-del-metropolitano-transito-en-via-expresa-fue-restablecido-tras-retiro-de-bus\/","title":{"rendered":"Accidente del Metropolitano: tr\u00e1nsito en v\u00eda expresa fue restablecido tras retiro de bus"},"content":{"rendered":"<p><span style=\"color: #000000;\"><strong>Lima, 26 de enero 2026 (ANDINA).-<\/strong> El tr\u00e1nsito en la v\u00eda expresa del Paseo de la Rep\u00fablica fue restablecido luego de que se retirara el bus del Metropolitano que choc\u00f3 contra un muro a la altura de la estaci\u00f3n M\u00e9xico. La Autoridad de Transporte Urbano (ATU) inform\u00f3 que las unidades ya circulan con normalidad en ambos sentidos.<\/span><\/p>\n<p><span style=\"color: #000000;\">El accidente se produjo alrededor de las 7:00 a.m., por causas que a\u00fan son materia de investigaci\u00f3n. Producto del choque, 35 personas resultaron heridas leves y moderadas, quienes fueron evacuadas oportunamente y trasladadas a diversos centros de salud. No se reportaron fallecidos.<\/span><\/p>\n<p><span style=\"color: #000000;\">Personal del Cuerpo General de Bomberos Voluntarios del Per\u00fa, as\u00ed como efectivos policiales y brigadas de emergencia, acudieron a la zona para atender a los afectados y asegurar el \u00e1rea.<\/span><\/p>\n<p><span style=\"color: #000000;\">Con apoyo de gr\u00faas, la unidad siniestrada fue retirada de la v\u00eda exclusiva, lo que permiti\u00f3 liberar el carril y normalizar el servicio del Metropolitano, as\u00ed como la circulaci\u00f3n vehicular en la v\u00eda expresa.<\/span><\/p>\n<p><a href=\"https:\/\/elinformanteperu.com\/wp-content\/uploads\/2025\/07\/atu-multa-metropolitano2.jpg\"><img fetchpriority=\"high\" decoding=\"async\" class=\"size-full wp-image-139387 aligncenter\" src=\"https:\/\/elinformanteperu.com\/wp-content\/uploads\/2025\/07\/atu-multa-metropolitano2.jpg\" alt=\"\" width=\"660\" height=\"390\" srcset=\"https:\/\/elinformanteperu.com\/wp-content\/uploads\/2025\/07\/atu-multa-metropolitano2.jpg 660w, https:\/\/elinformanteperu.com\/wp-content\/uploads\/2025\/07\/atu-multa-metropolitano2-300x177.jpg 300w\" sizes=\"(max-width: 660px) 100vw, 660px\" \/><\/a><\/p>\n","protected":false},"excerpt":{"rendered":"<p>Lima, 26 de enero 2026 (ANDINA).- El tr\u00e1nsito en la v\u00eda expresa del Paseo de la Rep\u00fablica fue restablecido luego de que se retirara el bus del Metropolitano que choc\u00f3 contra un muro a la altura de la estaci\u00f3n M\u00e9xico. La Autoridad de Transporte Urbano (ATU) inform\u00f3 que las unidades ya circulan con normalidad en [&hellip;]<\/p>\n","protected":false},"author":1,"featured_media":145757,"comment_status":"closed","ping_status":"closed","sticky":false,"template":"","format":"standard","meta":{"rop_custom_images_group":[],"rop_custom_messages_group":[],"rop_publish_now":"initial","rop_publish_now_accounts":[],"rop_publish_now_history":[],"rop_publish_now_status":"pending","footnotes":""},"categories":[10],"tags":[5422,825],"class_list":["post-145756","post","type-post","status-publish","format-standard","has-post-thumbnail","hentry","category-actualidad-municipal","tag-atu","tag-metropolitano"],"_links":{"self":[{"href":"https:\/\/elinformanteperu.com\/index.php\/wp-json\/wp\/v2\/posts\/145756","targetHints":{"allow":["GET"]}}],"collection":[{"href":"https:\/\/elinformanteperu.com\/index.php\/wp-json\/wp\/v2\/posts"}],"about":[{"href":"https:\/\/elinformanteperu.com\/index.php\/wp-json\/wp\/v2\/types\/post"}],"author":[{"embeddable":true,"href":"https:\/\/elinformanteperu.com\/index.php\/wp-json\/wp\/v2\/users\/1"}],"replies":[{"embeddable":true,"href":"https:\/\/elinformanteperu.com\/index.php\/wp-json\/wp\/v2\/comments?post=145756"}],"version-history":[{"count":1,"href":"https:\/\/elinformanteperu.com\/index.php\/wp-json\/wp\/v2\/posts\/145756\/revisions"}],"predecessor-version":[{"id":145758,"href":"https:\/\/elinformanteperu.com\/index.php\/wp-json\/wp\/v2\/posts\/145756\/revisions\/145758"}],"wp:featuredmedia":[{"embeddable":true,"href":"https:\/\/elinformanteperu.com\/index.php\/wp-json\/wp\/v2\/media\/145757"}],"wp:attachment":[{"href":"https:\/\/elinformanteperu.com\/index.php\/wp-json\/wp\/v2\/media?parent=145756"}],"wp:term":[{"taxonomy":"category","embeddable":true,"href":"https:\/\/elinformanteperu.com\/index.php\/wp-json\/wp\/v2\/categories?post=145756"},{"taxonomy":"post_tag","embeddable":true,"href":"https:\/\/elinformanteperu.com\/index.php\/wp-json\/wp\/v2\/tags?post=145756"}],"curies":[{"name":"wp","href":"https:\/\/api.w.org\/{rel}","templated":true}]}}