{"id":145588,"date":"2026-01-21T23:34:14","date_gmt":"2026-01-22T04:34:14","guid":{"rendered":"https:\/\/elinformanteperu.com\/?p=145588"},"modified":"2026-01-21T23:34:14","modified_gmt":"2026-01-22T04:34:14","slug":"paulo-autuori-cuestiono-el-aumento-de-siete-cupos-extranjeros-en-la-liga-1-2026","status":"publish","type":"post","link":"https:\/\/elinformanteperu.com\/index.php\/2026\/01\/21\/paulo-autuori-cuestiono-el-aumento-de-siete-cupos-extranjeros-en-la-liga-1-2026\/","title":{"rendered":"Paulo Autuori cuestion\u00f3 el aumento de siete cupos extranjeros en la Liga 1 2026"},"content":{"rendered":"<p><strong><span style=\"color: #000000;\">El DT asever\u00f3 que los jugadores que est\u00e1n en Crista tienen que saber que la exigencia es ganar t\u00edtulos<\/span><\/strong><\/p>\n<p><span style=\"color: #000000;\"><strong>Lima, 21 de enero 2026 (ANDINA).-<\/strong> El t\u00e9cnico del Cristal, Paulo Autuori, dijo que los jugadores que est\u00e1n en el club celeste saben que la exigencia es ganar t\u00edtulos; tambi\u00e9n critic\u00f3 el aumento a siete los cupos de extranjeros en la Liga 1 porque no permite abrirle espacio a los j\u00f3venes peruanos y felicit\u00f3 a Luis Adv\u00edncula por su fichaje por Alianza Lima.<\/span><\/p>\n<p><span style=\"color: #000000;\">Acostumbrado a ser frontal, Autori se\u00f1al\u00f3 que debe ser realista a pocos d\u00edas del inicio de la Liga 1 2026 y ello tiene que ver con la exigencia que obliga estar en club de la dimensiones de Cristal, que es de ganar t\u00edtulos.<\/span><\/p>\n<p><span style=\"color: #000000;\">\u00abToda temporada cuando empieza llena de esperanza pero yo acostumbro decir que uno no puede vivir solamente de la esperanza, es importante pero la raz\u00f3n de mi esperanza es mi fe. Me gusta ser realista y eso tiene que ver con las exigencias que podemos tener a lo largo de la temporada como es natural en cualquier club de la dimensi\u00f3n de Cristal. El que entra a este club tiene que saber que est\u00e1 con la exigencia de sacar adelante los resultados y ganar t\u00edtulos\u00bb, dijo a Radio Ovaci\u00f3n.<\/span><\/p>\n<p><span style=\"color: #000000;\">El DT brasile\u00f1o se mostr\u00f3 cr\u00edtico ante la decisi\u00f3n de aumentar a siete los cupos extranjeros en cada partido de la Liga 1, ya que eso le resta posibilidades a los futbolistas nacionales j\u00f3venes de poder desarrollarse.<\/span><\/p>\n<p><span style=\"color: #000000;\">\u00abC\u00f3mo nosotros vamos a abrir espacio para jugadores peruanos si en vez de bajar el cupo de extranjero, se aumenta. Esto no tiene que ver con libre competencia, si hoy d\u00eda miro un equipo que est\u00e1 en la competencia tiene tres mediocampistas extranjeros y tres delanteros extranjeros, casi el 60% del equipo\u00bb, se\u00f1al\u00f3.<\/span><\/p>\n<p><span style=\"color: #000000;\">Agreg\u00f3: \u00abEl jugador peruano tiene calidad, pero desafortunadamente los que est\u00e1n ac\u00e1 adentro no creen\u00bb.<\/span><\/p>\n<p><span style=\"color: #000000;\">Autuori tambi\u00e9n enumer\u00f3 situaciones que faltan por resolver en la Liga 1, pero que a pesar de ello se ha decidido empezar el certamen el viernes 30 de enero.<\/span><\/p>\n<p><span style=\"color: #000000;\">\u00ab\u00bfEl tema de Ayacucho est\u00e1 resuelto o est\u00e1 ah\u00ed latente? Est\u00e1 latente. \u00bfEl tema de los derechos televisivos ya est\u00e1? No. Decisiones como la Bolsa de minutos no existe m\u00e1s, aumentan el cupo de extranjeros, \u00bfPara d\u00f3nde vamos?\u00bb, cuestion\u00f3.<\/span><\/p>\n<p><span style=\"color: #000000;\">Por \u00faltimo, felicit\u00f3 a Luis Adv\u00edncula por venir a aportar al f\u00fatbol peruano y confes\u00f3 que en Cristal no hubo la posibilidad de contratarlo.<\/span><\/p>\n<p><span style=\"color: #000000;\">\u00abFelicito a Adv\u00edncula por su carrera brillante y que venga a aportar. Est\u00e1 en Alianza, no est\u00e1 con nosotros, no hubo posibilidad de la contrataci\u00f3n de Adv\u00edncula y vamos a tener que cruzar pero es un jugador que merece de mi parte una admiraci\u00f3n y respeto enorme\u00bb.<\/span><\/p>\n","protected":false},"excerpt":{"rendered":"<p>El DT asever\u00f3 que los jugadores que est\u00e1n en Crista tienen que saber que la exigencia es ganar t\u00edtulos Lima, 21 de enero 2026 (ANDINA).- El t\u00e9cnico del Cristal, Paulo Autuori, dijo que los jugadores que est\u00e1n en el club celeste saben que la exigencia es ganar t\u00edtulos; tambi\u00e9n critic\u00f3 el aumento a siete los [&hellip;]<\/p>\n","protected":false},"author":1,"featured_media":145589,"comment_status":"closed","ping_status":"closed","sticky":false,"template":"","format":"standard","meta":{"rop_custom_images_group":[],"rop_custom_messages_group":[],"rop_publish_now":"initial","rop_publish_now_accounts":[],"rop_publish_now_history":[],"rop_publish_now_status":"pending","footnotes":""},"categories":[8],"tags":[8369,200],"class_list":["post-145588","post","type-post","status-publish","format-standard","has-post-thumbnail","hentry","category-disciplinas-deportivas","tag-paulo-autori","tag-sporting-cristal"],"_links":{"self":[{"href":"https:\/\/elinformanteperu.com\/index.php\/wp-json\/wp\/v2\/posts\/145588","targetHints":{"allow":["GET"]}}],"collection":[{"href":"https:\/\/elinformanteperu.com\/index.php\/wp-json\/wp\/v2\/posts"}],"about":[{"href":"https:\/\/elinformanteperu.com\/index.php\/wp-json\/wp\/v2\/types\/post"}],"author":[{"embeddable":true,"href":"https:\/\/elinformanteperu.com\/index.php\/wp-json\/wp\/v2\/users\/1"}],"replies":[{"embeddable":true,"href":"https:\/\/elinformanteperu.com\/index.php\/wp-json\/wp\/v2\/comments?post=145588"}],"version-history":[{"count":1,"href":"https:\/\/elinformanteperu.com\/index.php\/wp-json\/wp\/v2\/posts\/145588\/revisions"}],"predecessor-version":[{"id":145590,"href":"https:\/\/elinformanteperu.com\/index.php\/wp-json\/wp\/v2\/posts\/145588\/revisions\/145590"}],"wp:featuredmedia":[{"embeddable":true,"href":"https:\/\/elinformanteperu.com\/index.php\/wp-json\/wp\/v2\/media\/145589"}],"wp:attachment":[{"href":"https:\/\/elinformanteperu.com\/index.php\/wp-json\/wp\/v2\/media?parent=145588"}],"wp:term":[{"taxonomy":"category","embeddable":true,"href":"https:\/\/elinformanteperu.com\/index.php\/wp-json\/wp\/v2\/categories?post=145588"},{"taxonomy":"post_tag","embeddable":true,"href":"https:\/\/elinformanteperu.com\/index.php\/wp-json\/wp\/v2\/tags?post=145588"}],"curies":[{"name":"wp","href":"https:\/\/api.w.org\/{rel}","templated":true}]}}