{"id":145250,"date":"2026-01-08T00:39:48","date_gmt":"2026-01-08T05:39:48","guid":{"rendered":"https:\/\/elinformanteperu.com\/?p=145250"},"modified":"2026-01-08T00:39:48","modified_gmt":"2026-01-08T05:39:48","slug":"messi-sobre-su-futuro-cuando-se-retire-de-las-canchas-me-gustaria-tener-mi-propio-club","status":"publish","type":"post","link":"https:\/\/elinformanteperu.com\/index.php\/2026\/01\/08\/messi-sobre-su-futuro-cuando-se-retire-de-las-canchas-me-gustaria-tener-mi-propio-club\/","title":{"rendered":"Messi sobre su futuro cuando se retire de las canchas: \u00abMe gustar\u00eda tener mi propio club"},"content":{"rendered":"<p><strong><span style=\"color: #000000;\">\u00abExpresa su deseo de \u00abdarles la oportunidad a los chicos de crecer y hacer algo importante\u00bb<\/span><\/strong><\/p>\n<p><span style=\"color: #000000;\"><strong>Lima, 7 de enero 2026 (ANDINA).-<\/strong> A sus 38 a\u00f1os y con un sinf\u00edn de logros, el capit\u00e1n de la selecci\u00f3n argentina, Lionel Messi, esboza algunas ideas para cuando cuelgue los botines en una fecha a\u00fan no definida. Ser entrenador no est\u00e1 en sus planes, confiesa a m\u00e1s de 150 d\u00edas de que comience la Copa Mundial de la FIFA 2026, en la que se espera sea una de las grandes figuras.<\/span><\/p>\n<p><span style=\"color: #000000;\">Por el momento, hace una pausa luego de un intenso a\u00f1o repartido entre Estados Unidos y los compromisos internacionales con la Albiceleste. No ha confirmado si estar\u00e1 en el Mundial de Canad\u00e1, Estados Unidos y M\u00e9xico, lo que est\u00e1 supeditado al nivel que vaya mostrando en los primeros meses de este a\u00f1o.<\/span><\/p>\n<p><span style=\"color: #000000;\">\u201cM\u00e1nager me gusta, pero m\u00e1s me gustar\u00eda ser propietario\u201d, afirm\u00f3 el delantero del Inter Miami de la MLS en una entrevista al canal de streaming Luzu TV, seg\u00fan recoge CNN en Espa\u00f1ol.<\/span><\/p>\n<p><span style=\"color: #000000;\">Semanas despu\u00e9s de cerrar 2025 con la MLS Cup bajo el brazo, el rosarino repas\u00f3 algunos momentos clave de su carrera, su presente en la Florida, Estados Unidos, y su futuro fuera de las canchas como reconoci\u00f3 en noviembre pasado cuando hijo que est\u00e1 en su recta final. \u201cEl f\u00fatbol, lamentablemente, tiene fecha de caducidad\u201d, sostuvo en un evento empresarial en Miami en esa oportunidad.<\/span><\/p>\n<p><span style=\"color: #000000;\">Cuando llegue ese momento, dijo, \u00abme gustar\u00eda tener mi propio club, arrancar desde abajo, hacerlo crecer. Poder darles la oportunidad a los chicos de crecer y hacer algo importante. Si tengo que elegir es lo que m\u00e1s me llamar\u00eda\u201d.<\/span><\/p>\n<p><strong><span style=\"color: #000000;\">Newell&#8217;s y River Plate<\/span><\/strong><\/p>\n<p><span style=\"color: #000000;\">Messi tambi\u00e9n brind\u00f3 nuevos detalles sobre sus inicios en el f\u00fatbol en Argentina y la necesidad que acab\u00f3 por encarrilar su camino hacia la Mas\u00eda (la inagotable cantera del FC Barcelona en Espa\u00f1a): la del tratamiento de crecimiento al que se someti\u00f3 en su ni\u00f1ez.<\/span><\/p>\n<p><span style=\"color: #000000;\">\u201cTen\u00eda 11 a\u00f1os. Me acuerdo que fui a hacer unas pruebas, unos an\u00e1lisis y ah\u00ed me dijeron lo que ten\u00eda. El tratamiento era muy caro. Lo empec\u00e9 en Newell\u2019s, que dijo que se iba a hacer cargo, y la empresa en la que trabajaba mi pap\u00e1 tambi\u00e9n iba a ayudar\u201d, record\u00f3.<\/span><\/p>\n<p><span style=\"color: #000000;\">All\u00ed dej\u00f3 en claro cierto malestar de su familia con la entonces dirigencia del club de su ciudad natal: \u201cMuchas veces le hicieron ir a mi mam\u00e1 hasta la otra punta de Rosario y no le daban la plata, por eso tambi\u00e9n el enojo de ella con Newell&#8217;s. El club no tiene nada que ver, era la persona que estaba ah\u00ed el problema. Me acuerdo el nombre, pero no lo voy a decir\u201d.<\/span><\/p>\n<p><span style=\"color: #000000;\">Entonces, Messi fue a Buenos Aires para probarse en River Plate, uno de los equipos m\u00e1s importantes del pa\u00eds. \u201cFui por mi cuenta, hice una prueba, estuve entrenando. River me dijo que quer\u00eda que me quede y que se iba a hacer cargo del tratamiento, me ten\u00eda que quedar en la pensi\u00f3n\u201d, cont\u00f3.<\/span><\/p>\n<p><span style=\"color: #000000;\">El problema vino cuando hubo que discutir el pase del joven Lionel: \u201cLo \u00fanico es que yo ten\u00eda que sacar el pase de Newell&#8217;s, me dijeron que ellos con eso no pod\u00edan hacer nada, y cuando fui a pedir el pase no me lo dieron. Ah\u00ed se cort\u00f3 todo\u201d.<\/span><\/p>\n<p><span style=\"color: #000000;\">Para Messi, el final fue incluso mejor del entonces esperado. Lleg\u00f3 el FC Barcelona, la Mas\u00eda, Guardiola, las tres Champions League, ocho balones de oro y la Copa del Mundo, que despu\u00e9s de mucho so\u00f1arla, se qued\u00f3 en las manos del astro argentino.<\/span><\/p>\n<p><span style=\"color: #000000;\">Entretanto, en el Per\u00fa, Alianza Lima planea recibir al Inter Miami, que tiene entre sus figuras al astro argentino Lionel Messi y al uruguayo Luis Su\u00e1rez, el 24 de enero, en el estadio Alejandro Villanueva.<\/span><\/p>\n","protected":false},"excerpt":{"rendered":"<p>\u00abExpresa su deseo de \u00abdarles la oportunidad a los chicos de crecer y hacer algo importante\u00bb Lima, 7 de enero 2026 (ANDINA).- A sus 38 a\u00f1os y con un sinf\u00edn de logros, el capit\u00e1n de la selecci\u00f3n argentina, Lionel Messi, esboza algunas ideas para cuando cuelgue los botines en una fecha a\u00fan no definida. Ser [&hellip;]<\/p>\n","protected":false},"author":1,"featured_media":145251,"comment_status":"closed","ping_status":"closed","sticky":false,"template":"","format":"standard","meta":{"rop_custom_images_group":[],"rop_custom_messages_group":[],"rop_publish_now":"initial","rop_publish_now_accounts":[],"rop_publish_now_history":[],"rop_publish_now_status":"pending","footnotes":""},"categories":[8],"tags":[302],"class_list":["post-145250","post","type-post","status-publish","format-standard","has-post-thumbnail","hentry","category-disciplinas-deportivas","tag-lionel-messi"],"_links":{"self":[{"href":"https:\/\/elinformanteperu.com\/index.php\/wp-json\/wp\/v2\/posts\/145250","targetHints":{"allow":["GET"]}}],"collection":[{"href":"https:\/\/elinformanteperu.com\/index.php\/wp-json\/wp\/v2\/posts"}],"about":[{"href":"https:\/\/elinformanteperu.com\/index.php\/wp-json\/wp\/v2\/types\/post"}],"author":[{"embeddable":true,"href":"https:\/\/elinformanteperu.com\/index.php\/wp-json\/wp\/v2\/users\/1"}],"replies":[{"embeddable":true,"href":"https:\/\/elinformanteperu.com\/index.php\/wp-json\/wp\/v2\/comments?post=145250"}],"version-history":[{"count":1,"href":"https:\/\/elinformanteperu.com\/index.php\/wp-json\/wp\/v2\/posts\/145250\/revisions"}],"predecessor-version":[{"id":145252,"href":"https:\/\/elinformanteperu.com\/index.php\/wp-json\/wp\/v2\/posts\/145250\/revisions\/145252"}],"wp:featuredmedia":[{"embeddable":true,"href":"https:\/\/elinformanteperu.com\/index.php\/wp-json\/wp\/v2\/media\/145251"}],"wp:attachment":[{"href":"https:\/\/elinformanteperu.com\/index.php\/wp-json\/wp\/v2\/media?parent=145250"}],"wp:term":[{"taxonomy":"category","embeddable":true,"href":"https:\/\/elinformanteperu.com\/index.php\/wp-json\/wp\/v2\/categories?post=145250"},{"taxonomy":"post_tag","embeddable":true,"href":"https:\/\/elinformanteperu.com\/index.php\/wp-json\/wp\/v2\/tags?post=145250"}],"curies":[{"name":"wp","href":"https:\/\/api.w.org\/{rel}","templated":true}]}}