{"id":145211,"date":"2026-01-06T01:48:15","date_gmt":"2026-01-06T06:48:15","guid":{"rendered":"https:\/\/elinformanteperu.com\/?p=145211"},"modified":"2026-01-06T01:48:15","modified_gmt":"2026-01-06T06:48:15","slug":"cancilleria-este-es-el-numero-ante-urgencias-para-comunidad-peruana-en-venezuela","status":"publish","type":"post","link":"https:\/\/elinformanteperu.com\/index.php\/2026\/01\/06\/cancilleria-este-es-el-numero-ante-urgencias-para-comunidad-peruana-en-venezuela\/","title":{"rendered":"Canciller\u00eda: este es el n\u00famero ante urgencias para comunidad peruana en Venezuela"},"content":{"rendered":"<p><strong><span style=\"color: #000000;\">Connacionales pueden comunicarse ante cualquier urgencia<\/span><\/strong><\/p>\n<p><span style=\"color: #000000;\"><strong>Lima, 5 de enero 2026 (ANDINA).-<\/strong> El Ministerio de Relaciones Exteriores difundi\u00f3 un n\u00famero telef\u00f3nico de emergencia para la comunidad peruana en Venezuela, a fin de brindar asistencia consular en caso de situaciones urgentes.<\/span><\/p>\n<p><span style=\"color: #000000;\">La Canciller\u00eda inform\u00f3 que los connacionales pueden comunicarse con la Secci\u00f3n de Intereses del Per\u00fa, a cargo de la Embajada de Brasil en Caracas, a trav\u00e9s del siguiente contacto de emergencia: (00) 58 414 222 4598.<\/span><\/p>\n<p><strong><span style=\"color: #000000;\">Antecedentes: La ca\u00edda de Maduro<\/span><\/strong><\/p>\n<p><span style=\"color: #000000;\">La situaci\u00f3n en Venezuela dio un giro radical la madrugada del 3 de enero, cuando fuerzas especiales de Estados Unidos ejecutaron la \u00abOperaci\u00f3n Resoluci\u00f3n Absoluta\u00bb. El presidente Donald Trump confirm\u00f3 que Maduro y su esposa, Cilia Flores, fueron puestos bajo custodia y trasladados a suelo estadounidense para enfrentar cargos criminales.<\/span><\/p>\n<p><span style=\"color: #000000;\">Maduro ser\u00e1 procesado en el Distrito Sur de Nueva York por cargos de narcoterrorismo, conspiraci\u00f3n para la importaci\u00f3n de coca\u00edna y posesi\u00f3n de armas de guerra. La justicia estadounidense lo se\u00f1ala como l\u00edder del \u00abC\u00e1rtel de los Soles\u00bb.<\/span><\/p>\n<p><span style=\"color: #000000;\">En este contexto, el Gobierno del Per\u00fa, a trav\u00e9s de la Canciller\u00eda, reafirm\u00f3 su compromiso con los principios del derecho internacional y de la Carta de las Naciones Unidas, en particular con el mantenimiento de la paz, la preservaci\u00f3n de la seguridad y la soluci\u00f3n pac\u00edfica de las controversias.<\/span><\/p>\n<p><span style=\"color: #000000;\">Asimismo, hizo un llamado a una pronta soluci\u00f3n de la situaci\u00f3n pol\u00edtica en Venezuela, que permita una transici\u00f3n democr\u00e1tica, con pleno respeto de los derechos humanos, e inform\u00f3 que se mantiene el monitoreo permanente de la situaci\u00f3n de la comunidad peruana.<\/span><\/p>\n<blockquote class=\"twitter-tweet\">\n<p dir=\"ltr\" lang=\"es\"><a href=\"https:\/\/twitter.com\/hashtag\/NoticiasTorreTagle?src=hash&amp;ref_src=twsrc%5Etfw\">#NoticiasTorreTagle<\/a> | Ante la actual situaci\u00f3n en Venezuela, se comunica que la Canciller\u00eda se encuentra monitoreando la situaci\u00f3n de la comunidad peruana en ese pa\u00eds. <a href=\"https:\/\/t.co\/LoHcyetuAG\">pic.twitter.com\/LoHcyetuAG<\/a><\/p>\n<p>\u2014 Canciller\u00eda Per\u00fa\ud83c\uddf5\ud83c\uddea (@CancilleriaPeru) <a href=\"https:\/\/twitter.com\/CancilleriaPeru\/status\/2007480024543232229?ref_src=twsrc%5Etfw\">January 3, 2026<\/a><\/p><\/blockquote>\n<p><script async src=\"https:\/\/platform.twitter.com\/widgets.js\" charset=\"utf-8\"><\/script><\/p>\n","protected":false},"excerpt":{"rendered":"<p>Connacionales pueden comunicarse ante cualquier urgencia Lima, 5 de enero 2026 (ANDINA).- El Ministerio de Relaciones Exteriores difundi\u00f3 un n\u00famero telef\u00f3nico de emergencia para la comunidad peruana en Venezuela, a fin de brindar asistencia consular en caso de situaciones urgentes. La Canciller\u00eda inform\u00f3 que los connacionales pueden comunicarse con la Secci\u00f3n de Intereses del Per\u00fa, [&hellip;]<\/p>\n","protected":false},"author":1,"featured_media":145212,"comment_status":"closed","ping_status":"closed","sticky":false,"template":"","format":"standard","meta":{"rop_custom_images_group":[],"rop_custom_messages_group":[],"rop_publish_now":"initial","rop_publish_now_accounts":[],"rop_publish_now_history":[],"rop_publish_now_status":"pending","footnotes":""},"categories":[5],"tags":[294,183,1974,171],"class_list":["post-145211","post","type-post","status-publish","format-standard","has-post-thumbnail","hentry","category-actualidad-informativa","tag-cancilleria","tag-donald-trump","tag-nicolas-maduro","tag-venezuela"],"_links":{"self":[{"href":"https:\/\/elinformanteperu.com\/index.php\/wp-json\/wp\/v2\/posts\/145211","targetHints":{"allow":["GET"]}}],"collection":[{"href":"https:\/\/elinformanteperu.com\/index.php\/wp-json\/wp\/v2\/posts"}],"about":[{"href":"https:\/\/elinformanteperu.com\/index.php\/wp-json\/wp\/v2\/types\/post"}],"author":[{"embeddable":true,"href":"https:\/\/elinformanteperu.com\/index.php\/wp-json\/wp\/v2\/users\/1"}],"replies":[{"embeddable":true,"href":"https:\/\/elinformanteperu.com\/index.php\/wp-json\/wp\/v2\/comments?post=145211"}],"version-history":[{"count":1,"href":"https:\/\/elinformanteperu.com\/index.php\/wp-json\/wp\/v2\/posts\/145211\/revisions"}],"predecessor-version":[{"id":145213,"href":"https:\/\/elinformanteperu.com\/index.php\/wp-json\/wp\/v2\/posts\/145211\/revisions\/145213"}],"wp:featuredmedia":[{"embeddable":true,"href":"https:\/\/elinformanteperu.com\/index.php\/wp-json\/wp\/v2\/media\/145212"}],"wp:attachment":[{"href":"https:\/\/elinformanteperu.com\/index.php\/wp-json\/wp\/v2\/media?parent=145211"}],"wp:term":[{"taxonomy":"category","embeddable":true,"href":"https:\/\/elinformanteperu.com\/index.php\/wp-json\/wp\/v2\/categories?post=145211"},{"taxonomy":"post_tag","embeddable":true,"href":"https:\/\/elinformanteperu.com\/index.php\/wp-json\/wp\/v2\/tags?post=145211"}],"curies":[{"name":"wp","href":"https:\/\/api.w.org\/{rel}","templated":true}]}}