{"id":145113,"date":"2026-01-05T21:21:20","date_gmt":"2026-01-06T02:21:20","guid":{"rendered":"https:\/\/elinformanteperu.com\/?p=145113"},"modified":"2026-01-05T21:21:20","modified_gmt":"2026-01-06T02:21:20","slug":"el-manchester-united-ceso-al-tecnico-ruben-amorim-quien-duro-14-meses-en-el-cargo","status":"publish","type":"post","link":"https:\/\/elinformanteperu.com\/index.php\/2026\/01\/05\/el-manchester-united-ceso-al-tecnico-ruben-amorim-quien-duro-14-meses-en-el-cargo\/","title":{"rendered":"El Manchester United ces\u00f3 al t\u00e9cnico Rub\u00e9n Amorim, quien dur\u00f3 14 meses en el cargo"},"content":{"rendered":"<p><strong><span style=\"color: #000000;\">La decisi\u00f3n de excluir al DT portugu\u00e9s se toma tras el en\u00e9simo mal resultado en la Premier League<\/span><\/strong><\/p>\n<p><span style=\"color: #000000;\"><strong>Manchester, 5 de enero 2026 (ANDINA).-<\/strong> El t\u00e9cnico portugu\u00e9s Rubem Amorim deja de ser el entrenador del Manchester United, catorce meses despu\u00e9s de llegar a Old Trafford, anunci\u00f3 este lunes el club, al d\u00eda siguiente del en\u00e9simo mal resultado que aleja al equipo de la cabeza de la Premier League.<\/span><\/p>\n<p><span style=\"color: #000000;\">El ext\u00e9cnico del Sporting de Lisboa (40 a\u00f1os) no ha logrado durante su estancia en M\u00e1nchester devolver el prestigio a los Diablos Rojos, uno de los clubes m\u00e1s laureados del f\u00fatbol ingl\u00e9s, pero que en los \u00faltimos a\u00f1os no ha logrado grandes t\u00edtulos.<\/span><\/p>\n<p><span style=\"color: #000000;\">Con el Manchester United situado en la sexta posici\u00f3n de la Premier League (a 17 puntos del l\u00edder Arsenal) luego del empate del domingo en Leeds, la direcci\u00f3n del club tomo la decisi\u00f3n de cesar al t\u00e9cnico.<\/span><\/p>\n<p><span style=\"color: #000000;\">\u00abEs el momento adecuado para efectuar un cambio. Esto dar\u00e1 al equipo una mejor oportunidad de lograr el mejor puesto posible en la Premier League\u00bb, explic\u00f3 la entidad en su comunicado.<\/span><\/p>\n<p><span style=\"color: #000000;\">La entidad agreg\u00f3 que el exjugador Darren Flechter \u00abse har\u00e1 cargo del equipo\u00bb y se sentar\u00e1 en el banquillo el mi\u00e9rcoles contra el Burnley, en el partido de la 21\u00aa jornada de la Premier League.<\/span><\/p>\n<p><span style=\"color: #000000;\">Amorim lleg\u00f3 a Old Trafford en noviembre de 2024 y llev\u00f3 al club a la final de la Europa League la pasada temporada, perdiendo contra el Tottenham en ese partido disputado en Bilbao (norte de Espa\u00f1a).<\/span><\/p>\n<p><span style=\"color: #000000;\">En el campeonato ingl\u00e9s, que el United ha conquistado en 20 ocasiones (r\u00e9cord compartido con el Liverpool), la \u00faltima de ellas en 2013, el club acab\u00f3 en la 15\u00aa posici\u00f3n, por lo que esta temporada no disputa ninguna competici\u00f3n continental.<\/span><\/p>\n<blockquote class=\"twitter-tweet\">\n<p dir=\"ltr\" lang=\"en\">Club statement: Ruben Amorim.<\/p>\n<p>\u2014 Manchester United (@ManUtd) <a href=\"https:\/\/twitter.com\/ManUtd\/status\/2008119055945723952?ref_src=twsrc%5Etfw\">January 5, 2026<\/a><\/p><\/blockquote>\n<p><script async src=\"https:\/\/platform.twitter.com\/widgets.js\" charset=\"utf-8\"><\/script><\/p>\n","protected":false},"excerpt":{"rendered":"<p>La decisi\u00f3n de excluir al DT portugu\u00e9s se toma tras el en\u00e9simo mal resultado en la Premier League Manchester, 5 de enero 2026 (ANDINA).- El t\u00e9cnico portugu\u00e9s Rubem Amorim deja de ser el entrenador del Manchester United, catorce meses despu\u00e9s de llegar a Old Trafford, anunci\u00f3 este lunes el club, al d\u00eda siguiente del en\u00e9simo [&hellip;]<\/p>\n","protected":false},"author":1,"featured_media":145114,"comment_status":"closed","ping_status":"closed","sticky":false,"template":"","format":"standard","meta":{"rop_custom_images_group":[],"rop_custom_messages_group":[],"rop_publish_now":"initial","rop_publish_now_accounts":[],"rop_publish_now_history":[],"rop_publish_now_status":"pending","footnotes":""},"categories":[8],"tags":[2000],"class_list":["post-145113","post","type-post","status-publish","format-standard","has-post-thumbnail","hentry","category-disciplinas-deportivas","tag-manchester-united"],"_links":{"self":[{"href":"https:\/\/elinformanteperu.com\/index.php\/wp-json\/wp\/v2\/posts\/145113","targetHints":{"allow":["GET"]}}],"collection":[{"href":"https:\/\/elinformanteperu.com\/index.php\/wp-json\/wp\/v2\/posts"}],"about":[{"href":"https:\/\/elinformanteperu.com\/index.php\/wp-json\/wp\/v2\/types\/post"}],"author":[{"embeddable":true,"href":"https:\/\/elinformanteperu.com\/index.php\/wp-json\/wp\/v2\/users\/1"}],"replies":[{"embeddable":true,"href":"https:\/\/elinformanteperu.com\/index.php\/wp-json\/wp\/v2\/comments?post=145113"}],"version-history":[{"count":1,"href":"https:\/\/elinformanteperu.com\/index.php\/wp-json\/wp\/v2\/posts\/145113\/revisions"}],"predecessor-version":[{"id":145115,"href":"https:\/\/elinformanteperu.com\/index.php\/wp-json\/wp\/v2\/posts\/145113\/revisions\/145115"}],"wp:featuredmedia":[{"embeddable":true,"href":"https:\/\/elinformanteperu.com\/index.php\/wp-json\/wp\/v2\/media\/145114"}],"wp:attachment":[{"href":"https:\/\/elinformanteperu.com\/index.php\/wp-json\/wp\/v2\/media?parent=145113"}],"wp:term":[{"taxonomy":"category","embeddable":true,"href":"https:\/\/elinformanteperu.com\/index.php\/wp-json\/wp\/v2\/categories?post=145113"},{"taxonomy":"post_tag","embeddable":true,"href":"https:\/\/elinformanteperu.com\/index.php\/wp-json\/wp\/v2\/tags?post=145113"}],"curies":[{"name":"wp","href":"https:\/\/api.w.org\/{rel}","templated":true}]}}