{"id":145054,"date":"2025-12-23T11:47:11","date_gmt":"2025-12-23T16:47:11","guid":{"rendered":"https:\/\/elinformanteperu.com\/?p=145054"},"modified":"2025-12-23T11:47:11","modified_gmt":"2025-12-23T16:47:11","slug":"conmebol-defiende-los-seis-cupos-brindados-a-sudamerica-para-el-mundial-de-futbol-2026","status":"publish","type":"post","link":"https:\/\/elinformanteperu.com\/index.php\/2025\/12\/23\/conmebol-defiende-los-seis-cupos-brindados-a-sudamerica-para-el-mundial-de-futbol-2026\/","title":{"rendered":"Conmebol defiende los seis cupos brindados a Sudam\u00e9rica para el Mundial de F\u00fatbol 2026"},"content":{"rendered":"<p><strong><span style=\"color: #000000;\">El titular de esa entidad, Alejandro Dom\u00ednguez, calific\u00f3 de \u00abacto de justicia\u00bb que se tenga esa cantidad de cupos<\/span><\/strong><\/p>\n<p><span style=\"color: #000000;\"><strong>Lima, 23 de diciembre 2025 (ANDINA).-<\/strong> El presidente de la Conmebol, Alejandro Dom\u00ednguez, afirm\u00f3 que es una cuesti\u00f3n de \u00abjusticia\u00bb que Sudam\u00e9rica tenga seis plazas de clasificaci\u00f3n directa al Mundial de 2026, y una oportunidad m\u00e1s en un repechaje, al asegurar que esa regi\u00f3n es cuna del \u00abmejor f\u00fatbol del mundo\u00bb.<\/span><\/p>\n<p><span style=\"color: #000000;\">\u00abPara m\u00ed eso es justicia porque el mejor f\u00fatbol del mundo se juega y nace, o en todo caso, nace, se juega y se exporta en Sudam\u00e9rica\u00bb, se\u00f1al\u00f3 Dom\u00ednguez en un acto organizado por la Asociaci\u00f3n Paraguay de F\u00fatbol (APF) en la ciudad de Ypan\u00e9 (centro).<\/span><\/p>\n<p><span style=\"color: #000000;\">El dirigente afirm\u00f3 que existen \u00abamigos de Europa\u00bb, sin mencionar pa\u00edses, que \u00abest\u00e1n un poco atentos\u00bb a lo que sucede en Sudam\u00e9rica, quienes, seg\u00fan dijo, \u00abse quejan porque vamos a tener 6,5 o 7 clasificados\u00bb.<\/span><\/p>\n<p><span style=\"color: #000000;\">\u00abYo les recomiendo que no se preocupen tanto de Sudam\u00e9rica, a esos pa\u00edses les recomiendo que se preocupen m\u00e1s en ellos mismos y que ganen sus partidos, porque solamente clasifican los que ganan, como hizo la selecci\u00f3n Albirroja\u00bb, agreg\u00f3 el dirigente en referencia al retorno de Paraguay a un Mundial luego de 16 a\u00f1os.<\/span><\/p>\n<p><span style=\"color: #000000;\">Dom\u00ednguez incluso sostuvo que es \u00abjusto\u00bb que las 10 selecciones suramericanas asociadas a la Conmebol vayan al Mundial, al defender que esos equipos \u00abvan a subir de nivel\u00bb la competici\u00f3n.<\/span><\/p>\n<p><span style=\"color: #000000;\">\u00abEs lindo escuchar que nos critiquen, es lindo escuchar que en el otro lugar del mundo, como era a la inversa antes, se quejen por nuestro sistema clasificatorio\u00bb, enfatiz\u00f3.<\/span><\/p>\n<p><strong><span style=\"color: #000000;\">Cr\u00edticas desde Italia<\/span><\/strong><\/p>\n<p><span style=\"color: #000000;\">El pasado 13 de noviembre, el seleccionador de Italia, Genaro Gattuso, manifest\u00f3 que se deben \u00abrevisar los criterios\u00bb de clasificaci\u00f3n al Mundial, tras criticar que en el caso de Sudam\u00e9rica pasan de forma directa seis equipos de 10, y uno s\u00e9ptimo puede jugar la repesca, seg\u00fan medios de comunicaci\u00f3n que se hicieron eco de esas declaraciones.<\/span><\/p>\n<p><span style=\"color: #000000;\">Gattuso se pronunci\u00f3 de este modo previo a la victoria de Italia por 0-2 ante Moldavia en las eliminatorias europeas, un resultado que no les alcanz\u00f3 para sellar su pase directo al Mundial de 2026, por lo que la Azzurra deber\u00e1 disputar el repechaje.<\/span><\/p>\n<p><span style=\"color: #000000;\">La tetracampeona del mundo jug\u00f3 su \u00faltimo Mundial hace 11 a\u00f1os.<\/span><\/p>\n<p><span style=\"color: #000000;\">En total, 54 selecciones de la Uni\u00f3n de Asociaciones Europeas de F\u00fatbol (UEFA) pelean 16 plazas para el Mundial de 2026, 12 de ellas directas, y cuatro por v\u00eda de los &#8216;playoffs&#8217;.<\/span><\/p>\n<blockquote class=\"twitter-tweet\">\n<p dir=\"ltr\" lang=\"es\">\u00a1Los 12 grupos de la <a href=\"https:\/\/twitter.com\/hashtag\/CopaMundialFIFA?src=hash&amp;ref_src=twsrc%5Etfw\">#CopaMundialFIFA<\/a>! \ud83c\udfc6<\/p>\n<p>Os 12 grupos da <a href=\"https:\/\/twitter.com\/hashtag\/CopaDoMundoFIFA?src=hash&amp;ref_src=twsrc%5Etfw\">#CopaDoMundoFIFA<\/a>! \ud83e\udd29 <a href=\"https:\/\/t.co\/gjHimRw1Hz\">pic.twitter.com\/gjHimRw1Hz<\/a><\/p>\n<p>\u2014 CONMEBOL.com (@CONMEBOL) <a href=\"https:\/\/twitter.com\/CONMEBOL\/status\/1997023375789904122?ref_src=twsrc%5Etfw\">December 5, 2025<\/a><\/p><\/blockquote>\n<p><script async src=\"https:\/\/platform.twitter.com\/widgets.js\" charset=\"utf-8\"><\/script><\/p>\n","protected":false},"excerpt":{"rendered":"<p>El titular de esa entidad, Alejandro Dom\u00ednguez, calific\u00f3 de \u00abacto de justicia\u00bb que se tenga esa cantidad de cupos Lima, 23 de diciembre 2025 (ANDINA).- El presidente de la Conmebol, Alejandro Dom\u00ednguez, afirm\u00f3 que es una cuesti\u00f3n de \u00abjusticia\u00bb que Sudam\u00e9rica tenga seis plazas de clasificaci\u00f3n directa al Mundial de 2026, y una oportunidad m\u00e1s [&hellip;]<\/p>\n","protected":false},"author":1,"featured_media":145055,"comment_status":"closed","ping_status":"closed","sticky":false,"template":"","format":"standard","meta":{"rop_custom_images_group":[],"rop_custom_messages_group":[],"rop_publish_now":"initial","rop_publish_now_accounts":[],"rop_publish_now_history":[],"rop_publish_now_status":"pending","footnotes":""},"categories":[8],"tags":[268,8508],"class_list":["post-145054","post","type-post","status-publish","format-standard","has-post-thumbnail","hentry","category-disciplinas-deportivas","tag-fifa","tag-mundial-de-futbol-2026"],"_links":{"self":[{"href":"https:\/\/elinformanteperu.com\/index.php\/wp-json\/wp\/v2\/posts\/145054","targetHints":{"allow":["GET"]}}],"collection":[{"href":"https:\/\/elinformanteperu.com\/index.php\/wp-json\/wp\/v2\/posts"}],"about":[{"href":"https:\/\/elinformanteperu.com\/index.php\/wp-json\/wp\/v2\/types\/post"}],"author":[{"embeddable":true,"href":"https:\/\/elinformanteperu.com\/index.php\/wp-json\/wp\/v2\/users\/1"}],"replies":[{"embeddable":true,"href":"https:\/\/elinformanteperu.com\/index.php\/wp-json\/wp\/v2\/comments?post=145054"}],"version-history":[{"count":1,"href":"https:\/\/elinformanteperu.com\/index.php\/wp-json\/wp\/v2\/posts\/145054\/revisions"}],"predecessor-version":[{"id":145056,"href":"https:\/\/elinformanteperu.com\/index.php\/wp-json\/wp\/v2\/posts\/145054\/revisions\/145056"}],"wp:featuredmedia":[{"embeddable":true,"href":"https:\/\/elinformanteperu.com\/index.php\/wp-json\/wp\/v2\/media\/145055"}],"wp:attachment":[{"href":"https:\/\/elinformanteperu.com\/index.php\/wp-json\/wp\/v2\/media?parent=145054"}],"wp:term":[{"taxonomy":"category","embeddable":true,"href":"https:\/\/elinformanteperu.com\/index.php\/wp-json\/wp\/v2\/categories?post=145054"},{"taxonomy":"post_tag","embeddable":true,"href":"https:\/\/elinformanteperu.com\/index.php\/wp-json\/wp\/v2\/tags?post=145054"}],"curies":[{"name":"wp","href":"https:\/\/api.w.org\/{rel}","templated":true}]}}