{"id":145043,"date":"2025-12-23T11:24:33","date_gmt":"2025-12-23T16:24:33","guid":{"rendered":"https:\/\/elinformanteperu.com\/?p=145043"},"modified":"2025-12-23T11:24:33","modified_gmt":"2025-12-23T16:24:33","slug":"alianza-lima-delantero-luis-ramos-dio-sus-razones-para-elegir-fichar-por-el-club-intimo","status":"publish","type":"post","link":"https:\/\/elinformanteperu.com\/index.php\/2025\/12\/23\/alianza-lima-delantero-luis-ramos-dio-sus-razones-para-elegir-fichar-por-el-club-intimo\/","title":{"rendered":"Alianza Lima: Delantero Luis Ramos dio sus razones para elegir fichar por el club \u00edntimo"},"content":{"rendered":"<p><strong><span style=\"color: #000000;\">El jugador nacional asegura que siempre so\u00f1\u00f3 con jugar vestido de blanquiazul en un estadio Matute lleno<\/span><\/strong><\/p>\n<p><span style=\"color: #000000;\"><strong>Lima, 23 de diciembre 2025 (ANDINA).-<\/strong> El delantero nacional Luis Ramos calific\u00f3 su fichaje por Alianza Lima como \u00abla mejor decisi\u00f3n\u00bb porque se trata de un club tan grande y que siempre so\u00f1\u00f3 jugar alg\u00fan d\u00eda en Matute con la camiseta blanquiazul; tambi\u00e9n asegur\u00f3 que lleg\u00f3 con el objetivo de campeonar.<\/span><\/p>\n<p><span style=\"color: #000000;\">De las cuatros opciones que manejaba, incluida una del exterior, para seguir carrera deportiva tras salir del Am\u00e9rica de Cali (Colombia), Luis Ramos se decidi\u00f3 por la oferta del club \u00edntimo debido a que se trata de una instituci\u00f3n hist\u00f3rica.<\/span><\/p>\n<p><span style=\"color: #000000;\">\u00abLlegar a Alianza Lima significa mucho para m\u00ed, es un club tan hist\u00f3rico y tan grande en el Per\u00fa y estoy muy contento de llegar a una instituci\u00f3n muy linda. Mi empresario ten\u00eda 4 propuestas, incluidas las del exterior, y elegimos Alianza Lima y para nosotros hemos tomado la mejor decisi\u00f3n\u00bb, asever\u00f3 Ramos.<\/span><\/p>\n<p><span style=\"color: #000000;\">En otro momento, el delantero de 26 a\u00f1os confes\u00f3 de que siempre so\u00f1\u00f3 jugar vestido de blanquiazul en el Estadio Alejandro Villanueva repleto, situaci\u00f3n que lo motivar\u00e1 a sacar su mejor versi\u00f3n.<\/span><\/p>\n<p><span style=\"color: #000000;\">\u00abMe toc\u00f3 jugar de visitante y so\u00f1aba en alg\u00fan momento poder jugar de local vistiendo la camiseta de Alianza Lima y para m\u00ed es uno de mis sue\u00f1os cumplidos. Hoy tener el p\u00fablico de Matute a favor, va a sacar mi mejor versi\u00f3n y esperemos que sea as\u00ed\u00bb, manifest\u00f3.<\/span><\/p>\n<p><span style=\"color: #000000;\">Sobre su actualidad deportiva, precis\u00f3 que llegar\u00e1 a Alianza Lima en un momento bueno, porque se ha potenciado jugando por uno de los clubes m\u00e1s grandes del f\u00fatbol colombiano.<\/span><\/p>\n<p><span style=\"color: #000000;\">\u00abDej\u00e9 mi nombre en la liga colombiana, me fue s\u00faper bien, sal\u00ed goleador de un club muy importante y creo que vengo futbol\u00edsticamente muy bien y f\u00edsicamente he mejorado muchas cosas, esperemos poner en pr\u00e1ctica el aprendizaje y la experiencia que he tenido\u00bb, dijo.<\/span><\/p>\n<p><span style=\"color: #000000;\">En cuento al objetivo que espera conseguir con la escuadra \u00edntima, Ramos no dud\u00f3 en se\u00f1alar que llega para ser campe\u00f3n. \u00abVengo con el prop\u00f3sito de campeonar, creo que el equipo siempre compite en la parte de arriba y creo que la instituci\u00f3n lo merece\u00bb.<\/span><\/p>\n<p><span style=\"color: #000000;\">Luis Ramos firm\u00f3 un contrat\u00f3 hasta el 2028 con Alianza Lima, club que compr\u00f3 su ficha al Cusco FC.<\/span><\/p>\n<blockquote class=\"twitter-tweet\">\n<p dir=\"ltr\" lang=\"es\">\ud835\udc73\ud835\udc96\ud835\udc8a\ud835\udc94 \ud835\udc79\ud835\udc82\ud835\udc8e\ud835\udc90\ud835\udc94 \ud835\udc9a\ud835\udc82 \ud835\udc86\ud835\udc94 \ud835\udc83\ud835\udc8d\ud835\udc82\ud835\udc8f\ud835\udc92\ud835\udc96\ud835\udc8a\ud835\udc82\ud835\udc9b\ud835\udc96\ud835\udc8d. \u26aa\ufe0f\ud83d\udd35<\/p>\n<p>En exclusiva por \ud835\udc00\ud835\udc25\ud835\udc22\ud835\udc1a\ud835\udc27\ud835\udc33\ud835\udc1a \ud835\udc0b\ud835\udc22\ud835\udc26\ud835\udc1a \ud835\udc13\ud835\udc15 \ud835\udc32 \ud835\udc00\ud835\udc25\ud835\udc22\ud835\udc1a\ud835\udc27\ud835\udc33\ud835\udc1a \ud835\udc0f\ud835\udc25\ud835\udc1a\ud835\udc32.<\/p>\n<p>\u27a1\ufe0f <a href=\"https:\/\/t.co\/WwMswMsAXd\">https:\/\/t.co\/WwMswMsAXd<\/a><\/p>\n<p>\u27a1\ufe0f <a href=\"https:\/\/t.co\/SeAYLfaWVU\">https:\/\/t.co\/SeAYLfaWVU<\/a><a href=\"https:\/\/twitter.com\/hashtag\/RefuerzoBlanquiazul2026?src=hash&amp;ref_src=twsrc%5Etfw\">#RefuerzoBlanquiazul2026<\/a> <a href=\"https:\/\/t.co\/F52oM2JfFN\">pic.twitter.com\/F52oM2JfFN<\/a><\/p>\n<p>\u2014 Club Alianza Lima (@ClubALoficial) <a href=\"https:\/\/twitter.com\/ClubALoficial\/status\/2003197625626165528?ref_src=twsrc%5Etfw\">December 22, 2025<\/a><\/p><\/blockquote>\n<p><script async src=\"https:\/\/platform.twitter.com\/widgets.js\" charset=\"utf-8\"><\/script><\/p>\n","protected":false},"excerpt":{"rendered":"<p>El jugador nacional asegura que siempre so\u00f1\u00f3 con jugar vestido de blanquiazul en un estadio Matute lleno Lima, 23 de diciembre 2025 (ANDINA).- El delantero nacional Luis Ramos calific\u00f3 su fichaje por Alianza Lima como \u00abla mejor decisi\u00f3n\u00bb porque se trata de un club tan grande y que siempre so\u00f1\u00f3 jugar alg\u00fan d\u00eda en Matute [&hellip;]<\/p>\n","protected":false},"author":1,"featured_media":145044,"comment_status":"closed","ping_status":"closed","sticky":false,"template":"","format":"standard","meta":{"rop_custom_images_group":[],"rop_custom_messages_group":[],"rop_publish_now":"initial","rop_publish_now_accounts":[],"rop_publish_now_history":[],"rop_publish_now_status":"pending","footnotes":""},"categories":[8],"tags":[8133,8690,7712],"class_list":["post-145043","post","type-post","status-publish","format-standard","has-post-thumbnail","hentry","category-disciplinas-deportivas","tag-alianza-lima-2025","tag-alianza-lima-2026","tag-luis-ramos"],"_links":{"self":[{"href":"https:\/\/elinformanteperu.com\/index.php\/wp-json\/wp\/v2\/posts\/145043","targetHints":{"allow":["GET"]}}],"collection":[{"href":"https:\/\/elinformanteperu.com\/index.php\/wp-json\/wp\/v2\/posts"}],"about":[{"href":"https:\/\/elinformanteperu.com\/index.php\/wp-json\/wp\/v2\/types\/post"}],"author":[{"embeddable":true,"href":"https:\/\/elinformanteperu.com\/index.php\/wp-json\/wp\/v2\/users\/1"}],"replies":[{"embeddable":true,"href":"https:\/\/elinformanteperu.com\/index.php\/wp-json\/wp\/v2\/comments?post=145043"}],"version-history":[{"count":1,"href":"https:\/\/elinformanteperu.com\/index.php\/wp-json\/wp\/v2\/posts\/145043\/revisions"}],"predecessor-version":[{"id":145045,"href":"https:\/\/elinformanteperu.com\/index.php\/wp-json\/wp\/v2\/posts\/145043\/revisions\/145045"}],"wp:featuredmedia":[{"embeddable":true,"href":"https:\/\/elinformanteperu.com\/index.php\/wp-json\/wp\/v2\/media\/145044"}],"wp:attachment":[{"href":"https:\/\/elinformanteperu.com\/index.php\/wp-json\/wp\/v2\/media?parent=145043"}],"wp:term":[{"taxonomy":"category","embeddable":true,"href":"https:\/\/elinformanteperu.com\/index.php\/wp-json\/wp\/v2\/categories?post=145043"},{"taxonomy":"post_tag","embeddable":true,"href":"https:\/\/elinformanteperu.com\/index.php\/wp-json\/wp\/v2\/tags?post=145043"}],"curies":[{"name":"wp","href":"https:\/\/api.w.org\/{rel}","templated":true}]}}