{"id":144698,"date":"2025-11-25T21:18:34","date_gmt":"2025-11-26T02:18:34","guid":{"rendered":"https:\/\/elinformanteperu.com\/?p=144698"},"modified":"2025-11-25T21:18:34","modified_gmt":"2025-11-26T02:18:34","slug":"hernan-barcos-se-resiste-a-irse-de-alianza-lima-creo-que-todavia-estoy-para-competir","status":"publish","type":"post","link":"https:\/\/elinformanteperu.com\/index.php\/2025\/11\/25\/hernan-barcos-se-resiste-a-irse-de-alianza-lima-creo-que-todavia-estoy-para-competir\/","title":{"rendered":"Hern\u00e1n Barcos se resiste a irse de Alianza Lima: \u00abCreo que todav\u00eda estoy para competir\u00bb"},"content":{"rendered":"<p><strong><span style=\"color: #000000;\">El delantero asegura que durante la presente semana resolver\u00e1 si contin\u00faa o no el club \u00edntimo<\/span><\/strong><\/p>\n<p><span style=\"color: #000000;\"><strong>Lima, 25 de noviembre 2025 (ANDINA).-<\/strong> El delantero Hern\u00e1n Barcos, asegur\u00f3 de que su prioridad es seguir en Alianza Lima y cree que a sus 41 a\u00f1os a\u00fan est\u00e1 para competir; tambi\u00e9n se\u00f1al\u00f3 que durante la presente semana se resolver\u00e1 si renueva contrato y de no cristalizar su continuidad ver\u00e1 qu\u00e9 camino seguir.<\/span><\/p>\n<p><span style=\"color: #000000;\">Existe una incertidumbre entorno a la continuidad de Hern\u00e1n Barcos. Algunas informaciones se\u00f1alan que el experimentado futbolista no est\u00e1 en los planes de N\u00e9stor Gorosito para el 2026; sin embargo, el propio delantero se\u00f1ala que en las pr\u00f3ximas hora definir\u00e1 su futuro.<\/span><\/p>\n<p><span style=\"color: #000000;\">\u00abHay un poco de incertidumbre pero esta semana si Dios quiere lo resolvemos y veremos qu\u00e9 quiere Alianza. Yo me quiero quedar, ya lo he manifestado varias veces y espero esta semana ver qu\u00e9 quiere Alianza y que sea lo mejor para todos. Est\u00e1 en los pies de Alianza\u00bb.<\/span><\/p>\n<p><span style=\"color: #000000;\">Barcos dio a conocer que tiene una oferta para continuar su carrera futbol\u00edstica, pero que \u00e9l esta concentrado en seguir en Alianza Lima porque quiere seguir jugando al f\u00fatbol.<\/span><\/p>\n<p><span style=\"color: #000000;\">\u00abTengo una oferta, no quiere decir nada. Mi prioridad es estar en Alianza, despu\u00e9s que Alianza me diga una cosa u otra, ver\u00e9 qu\u00e9 hago. Yo quiero seguir jugando al f\u00fatbol y si no tengo la oportunidad ac\u00e1, ver\u00e9 mi camino\u00bb.<\/span><\/p>\n<p><a href=\"https:\/\/elinformanteperu.com\/wp-content\/uploads\/2025\/07\/barcos-gol-alianza-e1752627342385.jpg\"><img fetchpriority=\"high\" decoding=\"async\" class=\"size-large wp-image-139897 aligncenter\" src=\"https:\/\/elinformanteperu.com\/wp-content\/uploads\/2025\/07\/barcos-gol-alianza-e1752627342385-1024x686.jpg\" alt=\"\" width=\"615\" height=\"412\" srcset=\"https:\/\/elinformanteperu.com\/wp-content\/uploads\/2025\/07\/barcos-gol-alianza-e1752627342385-1024x686.jpg 1024w, https:\/\/elinformanteperu.com\/wp-content\/uploads\/2025\/07\/barcos-gol-alianza-e1752627342385-300x201.jpg 300w, https:\/\/elinformanteperu.com\/wp-content\/uploads\/2025\/07\/barcos-gol-alianza-e1752627342385-768x515.jpg 768w, https:\/\/elinformanteperu.com\/wp-content\/uploads\/2025\/07\/barcos-gol-alianza-e1752627342385-1536x1029.jpg 1536w, https:\/\/elinformanteperu.com\/wp-content\/uploads\/2025\/07\/barcos-gol-alianza-e1752627342385.jpg 1800w\" sizes=\"(max-width: 615px) 100vw, 615px\" \/><\/a><strong><span style=\"color: #000000;\">No piensa en el retiro<\/span><\/strong><\/p>\n<p><span style=\"color: #000000;\">En otro momento, el jugador de 41 a\u00f1os asever\u00f3 que a\u00fan est\u00e1 en condiciones para competir y que todav\u00eda no piensa en el retiro.<\/span><\/p>\n<p><span style=\"color: #000000;\">\u00abEs una opci\u00f3n, todos los a\u00f1os parecen ser el \u00faltimo pero yo me siento bien, entreno a la par de todo el mundo, todos los d\u00edas, no me salto ning\u00fan trabajo y creo que todav\u00eda estoy para competir. El d\u00eda que sienta que no estoy para competir, solo dar\u00e9 un paso al costado\u00bb, se\u00f1al\u00f3 a L1 Max.<\/span><\/p>\n<p><span style=\"color: #000000;\">Por \u00faltimo, descart\u00f3 que la falta de claridad en su continuidad sea por un factor econ\u00f3mico, ya que en ese aspecto siempre lo resolvi\u00f3 con la administraci\u00f3n en cinco minutos.<\/span><\/p>\n<p><span style=\"color: #000000;\">\u00abLos n\u00fameros (goles) me avalan y tengo la confianza, por eso estoy tranquilo porque los n\u00fameros me avalan, vamos a ver qu\u00e9 dice el club. Lo econ\u00f3mico lo descarto porque nunca tuvimos un problema con Alianza por eso, siempre lo resolvimos en 5 minutos\u00bb, finaliz\u00f3 el Pirata.<\/span><\/p>\n","protected":false},"excerpt":{"rendered":"<p>El delantero asegura que durante la presente semana resolver\u00e1 si contin\u00faa o no el club \u00edntimo Lima, 25 de noviembre 2025 (ANDINA).- El delantero Hern\u00e1n Barcos, asegur\u00f3 de que su prioridad es seguir en Alianza Lima y cree que a sus 41 a\u00f1os a\u00fan est\u00e1 para competir; tambi\u00e9n se\u00f1al\u00f3 que durante la presente semana se [&hellip;]<\/p>\n","protected":false},"author":1,"featured_media":136712,"comment_status":"closed","ping_status":"closed","sticky":false,"template":"","format":"standard","meta":{"rop_custom_images_group":[],"rop_custom_messages_group":[],"rop_publish_now":"initial","rop_publish_now_accounts":[],"rop_publish_now_history":[],"rop_publish_now_status":"pending","footnotes":""},"categories":[8],"tags":[8133,6385],"class_list":["post-144698","post","type-post","status-publish","format-standard","has-post-thumbnail","hentry","category-disciplinas-deportivas","tag-alianza-lima-2025","tag-hernan-barcos"],"_links":{"self":[{"href":"https:\/\/elinformanteperu.com\/index.php\/wp-json\/wp\/v2\/posts\/144698","targetHints":{"allow":["GET"]}}],"collection":[{"href":"https:\/\/elinformanteperu.com\/index.php\/wp-json\/wp\/v2\/posts"}],"about":[{"href":"https:\/\/elinformanteperu.com\/index.php\/wp-json\/wp\/v2\/types\/post"}],"author":[{"embeddable":true,"href":"https:\/\/elinformanteperu.com\/index.php\/wp-json\/wp\/v2\/users\/1"}],"replies":[{"embeddable":true,"href":"https:\/\/elinformanteperu.com\/index.php\/wp-json\/wp\/v2\/comments?post=144698"}],"version-history":[{"count":1,"href":"https:\/\/elinformanteperu.com\/index.php\/wp-json\/wp\/v2\/posts\/144698\/revisions"}],"predecessor-version":[{"id":144699,"href":"https:\/\/elinformanteperu.com\/index.php\/wp-json\/wp\/v2\/posts\/144698\/revisions\/144699"}],"wp:featuredmedia":[{"embeddable":true,"href":"https:\/\/elinformanteperu.com\/index.php\/wp-json\/wp\/v2\/media\/136712"}],"wp:attachment":[{"href":"https:\/\/elinformanteperu.com\/index.php\/wp-json\/wp\/v2\/media?parent=144698"}],"wp:term":[{"taxonomy":"category","embeddable":true,"href":"https:\/\/elinformanteperu.com\/index.php\/wp-json\/wp\/v2\/categories?post=144698"},{"taxonomy":"post_tag","embeddable":true,"href":"https:\/\/elinformanteperu.com\/index.php\/wp-json\/wp\/v2\/tags?post=144698"}],"curies":[{"name":"wp","href":"https:\/\/api.w.org\/{rel}","templated":true}]}}