{"id":144695,"date":"2025-11-25T20:36:56","date_gmt":"2025-11-26T01:36:56","guid":{"rendered":"https:\/\/elinformanteperu.com\/?p=144695"},"modified":"2025-11-25T20:36:56","modified_gmt":"2025-11-26T01:36:56","slug":"rafael-nadal-y-el-consejo-firme-a-lamine-yamal-para-poder-gestionar-el-exito","status":"publish","type":"post","link":"https:\/\/elinformanteperu.com\/index.php\/2025\/11\/25\/rafael-nadal-y-el-consejo-firme-a-lamine-yamal-para-poder-gestionar-el-exito\/","title":{"rendered":"Rafael Nadal y el consejo firme a Lamine Yamal para poder gestionar el \u00e9xito"},"content":{"rendered":"<p><strong><span style=\"color: #000000;\">El tenista espa\u00f1ol habl\u00f3 sobre el presente del joven jugador del Barcelona, quien es considerado un referente<\/span><\/strong><\/p>\n<p><span style=\"color: #000000;\"><strong>Mallorca, 25 de noviembre 2025 (ANDINA).-<\/strong> Rafael Nadal, que dej\u00f3 el tenis profesional hace un a\u00f1o, habl\u00f3 de lo complicado de gestionar el \u00e9xito en algunos momentos y en el caso del jugador del Barcelona Lamine Yamal, erigido con 18 a\u00f1os en un referente del f\u00fatbol actual, le aconsej\u00f3 que se rodee de \u00abla gente que le quiera de verdad\u00bb.<\/span><\/p>\n<p><span style=\"color: #000000;\">\u00abLe dir\u00eda que se rodee de gente que le quiera de verdad, gente que quiera lo mejor para \u00e9l; y que sea inteligente para escuchar las cosas que los personajes de \u00e9xito no queremos escuchar. Se tiene que rodear de las personas que considere que quieren hacerle un bien en su vida sea familia, crearse un equipo alrededor, de su confianza\u00bb, dijo en Movistar, donde fue entrevistado.<\/span><\/p>\n<p><span style=\"color: #000000;\">\u00abCada uno tiene una personalidad y una mentalidad distinta. A veces no es f\u00e1cil. Hay muchas formas de llegar al \u00e9xito todos quieren verte, saber de ti y tienes que encontrar tu punto de vuelta y vivir en un mundo real. No en un mundo irreal. Se tiene que rodear de las personas que considere que le van a hacer bien. Pero cada uno tiene una personalidad y es de una forma. Te puede hacer una persona equilibrada y feliz y que no el personaje acabe por devorar a la persona\u00bb, a\u00f1adi\u00f3 sobre el jugador del Barcelona.<\/span><\/p>\n<p><a href=\"https:\/\/elinformanteperu.com\/wp-content\/uploads\/2024\/12\/rafael-nadal-despedida.jpg\"><img fetchpriority=\"high\" decoding=\"async\" class=\"size-large wp-image-131754 aligncenter\" src=\"https:\/\/elinformanteperu.com\/wp-content\/uploads\/2024\/12\/rafael-nadal-despedida-1024x682.jpg\" alt=\"\" width=\"615\" height=\"410\" srcset=\"https:\/\/elinformanteperu.com\/wp-content\/uploads\/2024\/12\/rafael-nadal-despedida-1024x682.jpg 1024w, https:\/\/elinformanteperu.com\/wp-content\/uploads\/2024\/12\/rafael-nadal-despedida-300x200.jpg 300w, https:\/\/elinformanteperu.com\/wp-content\/uploads\/2024\/12\/rafael-nadal-despedida-768x512.jpg 768w, https:\/\/elinformanteperu.com\/wp-content\/uploads\/2024\/12\/rafael-nadal-despedida-1536x1023.jpg 1536w, https:\/\/elinformanteperu.com\/wp-content\/uploads\/2024\/12\/rafael-nadal-despedida.jpg 1800w\" sizes=\"(max-width: 615px) 100vw, 615px\" \/><\/a><\/p>\n","protected":false},"excerpt":{"rendered":"<p>El tenista espa\u00f1ol habl\u00f3 sobre el presente del joven jugador del Barcelona, quien es considerado un referente Mallorca, 25 de noviembre 2025 (ANDINA).- Rafael Nadal, que dej\u00f3 el tenis profesional hace un a\u00f1o, habl\u00f3 de lo complicado de gestionar el \u00e9xito en algunos momentos y en el caso del jugador del Barcelona Lamine Yamal, erigido [&hellip;]<\/p>\n","protected":false},"author":1,"featured_media":144696,"comment_status":"closed","ping_status":"closed","sticky":false,"template":"","format":"standard","meta":{"rop_custom_images_group":[],"rop_custom_messages_group":[],"rop_publish_now":"initial","rop_publish_now_accounts":[],"rop_publish_now_history":[],"rop_publish_now_status":"pending","footnotes":""},"categories":[8],"tags":[7565,4111],"class_list":["post-144695","post","type-post","status-publish","format-standard","has-post-thumbnail","hentry","category-disciplinas-deportivas","tag-lamine-yamal","tag-rafael-nadal"],"_links":{"self":[{"href":"https:\/\/elinformanteperu.com\/index.php\/wp-json\/wp\/v2\/posts\/144695","targetHints":{"allow":["GET"]}}],"collection":[{"href":"https:\/\/elinformanteperu.com\/index.php\/wp-json\/wp\/v2\/posts"}],"about":[{"href":"https:\/\/elinformanteperu.com\/index.php\/wp-json\/wp\/v2\/types\/post"}],"author":[{"embeddable":true,"href":"https:\/\/elinformanteperu.com\/index.php\/wp-json\/wp\/v2\/users\/1"}],"replies":[{"embeddable":true,"href":"https:\/\/elinformanteperu.com\/index.php\/wp-json\/wp\/v2\/comments?post=144695"}],"version-history":[{"count":1,"href":"https:\/\/elinformanteperu.com\/index.php\/wp-json\/wp\/v2\/posts\/144695\/revisions"}],"predecessor-version":[{"id":144697,"href":"https:\/\/elinformanteperu.com\/index.php\/wp-json\/wp\/v2\/posts\/144695\/revisions\/144697"}],"wp:featuredmedia":[{"embeddable":true,"href":"https:\/\/elinformanteperu.com\/index.php\/wp-json\/wp\/v2\/media\/144696"}],"wp:attachment":[{"href":"https:\/\/elinformanteperu.com\/index.php\/wp-json\/wp\/v2\/media?parent=144695"}],"wp:term":[{"taxonomy":"category","embeddable":true,"href":"https:\/\/elinformanteperu.com\/index.php\/wp-json\/wp\/v2\/categories?post=144695"},{"taxonomy":"post_tag","embeddable":true,"href":"https:\/\/elinformanteperu.com\/index.php\/wp-json\/wp\/v2\/tags?post=144695"}],"curies":[{"name":"wp","href":"https:\/\/api.w.org\/{rel}","templated":true}]}}