{"id":14448,"date":"2017-08-15T01:09:15","date_gmt":"2017-08-15T06:09:15","guid":{"rendered":"http:\/\/elinformanteperu.com\/?p=14448"},"modified":"2017-08-15T01:09:15","modified_gmt":"2017-08-15T06:09:15","slug":"designan-a-john-bailey-nuevo-presidente-de-la-academia-de-hollywood","status":"publish","type":"post","link":"https:\/\/elinformanteperu.com\/index.php\/2017\/08\/15\/designan-a-john-bailey-nuevo-presidente-de-la-academia-de-hollywood\/","title":{"rendered":"Designan a John Bailey nuevo presidente de la Academia de Hollywood"},"content":{"rendered":"<p><strong><span style=\"color: #000000;\">El director de fotograf\u00eda John Bailey fue designado presidente de la Academia de las Artes y las Ciencias Cinematogr\u00e1ficas de Hollywood<\/span><\/strong><\/p>\n<p><span style=\"color: #000000;\"><strong>Los \u00c1ngeles, 14 Agosto 2017, (PL).-<\/strong> El experimentado director de fotograf\u00eda John Bailey fue designado presidente de la Academia de las Artes y las Ciencias Cinematogr\u00e1ficas de Hollywood, anunci\u00f3 hoy la instituci\u00f3n en un comunicado.<\/span><\/p>\n<p><span style=\"color: #000000;\">Bailey es uno de las m\u00e1s reconocidas figuras del sector y su especialidad, ganador de importantes premios y cuya firma aparecen en aclamadas cintas como Mejor&#8230; imposible, Silverado, Atrapado en el tiempo, Gente corriente y Luna de porcelana, entre otras.<\/span><\/p>\n<p><span style=\"color: #000000;\">El artista, que cumple 75 a\u00f1os este jueves, sustituye en el cargo a la promotora Cheryl Boone Isaacs, quien ocup\u00f3 la presidencia de la Academia durante cuatro a\u00f1os.<\/span><\/p>\n<p><span style=\"color: #000000;\">La nueva directiva de Hollywood la completan Louis Burwell, como primer vicepresidente, y Michael Tronick, Kathleen Kennedy, Nancy Utley, como vicepresidentes.<\/span><\/p>\n<p><img fetchpriority=\"high\" decoding=\"async\" class=\"aligncenter size-full wp-image-5022\" src=\"http:\/\/elinformanteperu.com\/wp-content\/uploads\/2017\/01\/oscar-2017.jpg\" alt=\"\" width=\"1800\" height=\"1199\" srcset=\"https:\/\/elinformanteperu.com\/wp-content\/uploads\/2017\/01\/oscar-2017.jpg 1800w, https:\/\/elinformanteperu.com\/wp-content\/uploads\/2017\/01\/oscar-2017-300x200.jpg 300w, https:\/\/elinformanteperu.com\/wp-content\/uploads\/2017\/01\/oscar-2017-768x512.jpg 768w, https:\/\/elinformanteperu.com\/wp-content\/uploads\/2017\/01\/oscar-2017-1024x682.jpg 1024w, https:\/\/elinformanteperu.com\/wp-content\/uploads\/2017\/01\/oscar-2017-128x85.jpg 128w, https:\/\/elinformanteperu.com\/wp-content\/uploads\/2017\/01\/oscar-2017-32x21.jpg 32w\" sizes=\"(max-width: 1800px) 100vw, 1800px\" \/><\/p>\n","protected":false},"excerpt":{"rendered":"<p>El director de fotograf\u00eda John Bailey fue designado presidente de la Academia de las Artes y las Ciencias Cinematogr\u00e1ficas de Hollywood Los \u00c1ngeles, 14 Agosto 2017, (PL).- El experimentado director de fotograf\u00eda John Bailey fue designado presidente de la Academia de las Artes y las Ciencias Cinematogr\u00e1ficas de Hollywood, anunci\u00f3 hoy la instituci\u00f3n en un [&hellip;]<\/p>\n","protected":false},"author":1,"featured_media":14449,"comment_status":"open","ping_status":"open","sticky":false,"template":"","format":"standard","meta":{"rop_custom_images_group":[],"rop_custom_messages_group":[],"rop_publish_now":"initial","rop_publish_now_accounts":[],"rop_publish_now_history":[],"rop_publish_now_status":"pending","footnotes":""},"categories":[7],"tags":[2031,2030,506],"class_list":["post-14448","post","type-post","status-publish","format-standard","has-post-thumbnail","hentry","category-butaca","tag-academia-de-las-artes-y-las-ciencias-cinematograficas-de-hollywood","tag-john-bailey","tag-oscar-2017"],"_links":{"self":[{"href":"https:\/\/elinformanteperu.com\/index.php\/wp-json\/wp\/v2\/posts\/14448","targetHints":{"allow":["GET"]}}],"collection":[{"href":"https:\/\/elinformanteperu.com\/index.php\/wp-json\/wp\/v2\/posts"}],"about":[{"href":"https:\/\/elinformanteperu.com\/index.php\/wp-json\/wp\/v2\/types\/post"}],"author":[{"embeddable":true,"href":"https:\/\/elinformanteperu.com\/index.php\/wp-json\/wp\/v2\/users\/1"}],"replies":[{"embeddable":true,"href":"https:\/\/elinformanteperu.com\/index.php\/wp-json\/wp\/v2\/comments?post=14448"}],"version-history":[{"count":1,"href":"https:\/\/elinformanteperu.com\/index.php\/wp-json\/wp\/v2\/posts\/14448\/revisions"}],"predecessor-version":[{"id":14450,"href":"https:\/\/elinformanteperu.com\/index.php\/wp-json\/wp\/v2\/posts\/14448\/revisions\/14450"}],"wp:featuredmedia":[{"embeddable":true,"href":"https:\/\/elinformanteperu.com\/index.php\/wp-json\/wp\/v2\/media\/14449"}],"wp:attachment":[{"href":"https:\/\/elinformanteperu.com\/index.php\/wp-json\/wp\/v2\/media?parent=14448"}],"wp:term":[{"taxonomy":"category","embeddable":true,"href":"https:\/\/elinformanteperu.com\/index.php\/wp-json\/wp\/v2\/categories?post=14448"},{"taxonomy":"post_tag","embeddable":true,"href":"https:\/\/elinformanteperu.com\/index.php\/wp-json\/wp\/v2\/tags?post=14448"}],"curies":[{"name":"wp","href":"https:\/\/api.w.org\/{rel}","templated":true}]}}