{"id":144340,"date":"2025-11-17T23:20:13","date_gmt":"2025-11-18T04:20:13","guid":{"rendered":"https:\/\/elinformanteperu.com\/?p=144340"},"modified":"2025-11-17T23:20:13","modified_gmt":"2025-11-18T04:20:13","slug":"franco-velasco-aseguro-que-universitario-buscara-el-tetracampeonato-en-2026","status":"publish","type":"post","link":"https:\/\/elinformanteperu.com\/index.php\/2025\/11\/17\/franco-velasco-aseguro-que-universitario-buscara-el-tetracampeonato-en-2026\/","title":{"rendered":"Franco Velasco asegur\u00f3 que Universitario buscar\u00e1 el tetracampeonato en 2026"},"content":{"rendered":"<p><strong><span style=\"color: #000000;\">El administrador de la \u2018U\u2019 dio a conocer los objetivos de la instituci\u00f3n crema para el pr\u00f3ximo a\u00f1o.<\/span><\/strong><\/p>\n<p><span style=\"color: #000000;\"><strong>Lima, 15 de noviembre 2025 (ANDINA).-<\/strong> Universitario de Deportes vivi\u00f3 una jornada hist\u00f3rica en el Estadio Monumental al recibir el trofeo que certifica su tricampeonato en la Liga 1 2025. Los hinchas celebraron en grande mientras el equipo daba la vuelta ol\u00edmpica, consolidando un a\u00f1o memorable para la instituci\u00f3n crema.<\/span><\/p>\n<p><span style=\"color: #000000;\">Bajo la direcci\u00f3n de Jorge Fossati, los \u2018cremas\u2019 aseguraron el t\u00edtulo nacional tras una ag\u00f3nica victoria 2-1 ante ADT de Tarma fuera de casa, y cerraron su participaci\u00f3n local con un empate 0-0 ante Deportivo Garcilaso, manteni\u00e9ndose invictos en condici\u00f3n de local durante toda la temporada.<\/span><\/p>\n<p><a href=\"https:\/\/elinformanteperu.com\/wp-content\/uploads\/2025\/11\/U-tricampeon.webp\"><img fetchpriority=\"high\" decoding=\"async\" class=\"size-large wp-image-144342 aligncenter\" src=\"https:\/\/elinformanteperu.com\/wp-content\/uploads\/2025\/11\/U-tricampeon-1024x682.webp\" alt=\"\" width=\"615\" height=\"410\" srcset=\"https:\/\/elinformanteperu.com\/wp-content\/uploads\/2025\/11\/U-tricampeon-1024x682.webp 1024w, https:\/\/elinformanteperu.com\/wp-content\/uploads\/2025\/11\/U-tricampeon-300x200.webp 300w, https:\/\/elinformanteperu.com\/wp-content\/uploads\/2025\/11\/U-tricampeon-768x512.webp 768w, https:\/\/elinformanteperu.com\/wp-content\/uploads\/2025\/11\/U-tricampeon-1536x1023.webp 1536w, https:\/\/elinformanteperu.com\/wp-content\/uploads\/2025\/11\/U-tricampeon.webp 1800w\" sizes=\"(max-width: 615px) 100vw, 615px\" \/><\/a><strong><span style=\"color: #000000;\">Buscan el tetracampeonato<\/span><\/strong><\/p>\n<p><span style=\"color: #000000;\">Tras la premiaci\u00f3n, Franco Velasco, administrador de Universitario de Deportes, expres\u00f3 su satisfacci\u00f3n por este logro hist\u00f3rico: \u201cEs un tricampeonato hist\u00f3rico, es el resultado de mucho sacrificio y esfuerzo. Los primeros a\u00f1os fueron dif\u00edciles y ahora felices de consagrarnos con este campeonato hist\u00f3rico\u00bb, indic\u00f3.<\/span><\/p>\n<p><span style=\"color: #000000;\">Con la mira puesta en el 2026, el club ya planifica la siguiente temporada, en la que competir\u00e1 tanto en la Liga 1 como en la Copa Libertadores. El objetivo es claro: conquistar el tetracampeonato nacional y avanzar lo m\u00e1s lejos posible en el torneo continental.<\/span><\/p>\n<p><span style=\"color: #000000;\">\u201cNo queremos pecar de soberbios, pero es un proceso que hemos seguido con dedicaci\u00f3n y sab\u00edamos que en alg\u00fan momento \u00edbamos a cosechar\u201d, agreg\u00f3.<\/span><\/p>\n<p><span style=\"color: #000000;\">El dirigente tambi\u00e9n resalt\u00f3 la ambici\u00f3n del club: \u00abVamos a volver a enfrentar doble competencia, siempre con la mira puesta en los mejores objetivos. Nos hemos puesto la valla muy alta, lograr el tetracampeonato y hacer una competencia muy linda en Libertadores, mirando con mucha ambici\u00f3n los cuartos de final.<\/span><\/p>\n<p><iframe title=\"FRANCO VELAZCO HABLA DE LOS POSIBLES FICHAJES DE LA U, PR\u00c9STAMOS Y EL PROYECTO PARA EL 2026\" width=\"615\" height=\"346\" src=\"https:\/\/www.youtube.com\/embed\/by7Z5m4BVhc?feature=oembed\" frameborder=\"0\" allow=\"accelerometer; autoplay; clipboard-write; encrypted-media; gyroscope; picture-in-picture; web-share\" referrerpolicy=\"strict-origin-when-cross-origin\" allowfullscreen><\/iframe><\/p>\n","protected":false},"excerpt":{"rendered":"<p>El administrador de la \u2018U\u2019 dio a conocer los objetivos de la instituci\u00f3n crema para el pr\u00f3ximo a\u00f1o. Lima, 15 de noviembre 2025 (ANDINA).- Universitario de Deportes vivi\u00f3 una jornada hist\u00f3rica en el Estadio Monumental al recibir el trofeo que certifica su tricampeonato en la Liga 1 2025. Los hinchas celebraron en grande mientras el [&hellip;]<\/p>\n","protected":false},"author":1,"featured_media":144341,"comment_status":"closed","ping_status":"closed","sticky":false,"template":"","format":"standard","meta":{"rop_custom_images_group":[],"rop_custom_messages_group":[],"rop_publish_now":"initial","rop_publish_now_accounts":[],"rop_publish_now_history":[],"rop_publish_now_status":"pending","footnotes":""},"categories":[8],"tags":[8663,144],"class_list":["post-144340","post","type-post","status-publish","format-standard","has-post-thumbnail","hentry","category-disciplinas-deportivas","tag-franco-velasco","tag-universitario-de-deportes"],"_links":{"self":[{"href":"https:\/\/elinformanteperu.com\/index.php\/wp-json\/wp\/v2\/posts\/144340","targetHints":{"allow":["GET"]}}],"collection":[{"href":"https:\/\/elinformanteperu.com\/index.php\/wp-json\/wp\/v2\/posts"}],"about":[{"href":"https:\/\/elinformanteperu.com\/index.php\/wp-json\/wp\/v2\/types\/post"}],"author":[{"embeddable":true,"href":"https:\/\/elinformanteperu.com\/index.php\/wp-json\/wp\/v2\/users\/1"}],"replies":[{"embeddable":true,"href":"https:\/\/elinformanteperu.com\/index.php\/wp-json\/wp\/v2\/comments?post=144340"}],"version-history":[{"count":1,"href":"https:\/\/elinformanteperu.com\/index.php\/wp-json\/wp\/v2\/posts\/144340\/revisions"}],"predecessor-version":[{"id":144343,"href":"https:\/\/elinformanteperu.com\/index.php\/wp-json\/wp\/v2\/posts\/144340\/revisions\/144343"}],"wp:featuredmedia":[{"embeddable":true,"href":"https:\/\/elinformanteperu.com\/index.php\/wp-json\/wp\/v2\/media\/144341"}],"wp:attachment":[{"href":"https:\/\/elinformanteperu.com\/index.php\/wp-json\/wp\/v2\/media?parent=144340"}],"wp:term":[{"taxonomy":"category","embeddable":true,"href":"https:\/\/elinformanteperu.com\/index.php\/wp-json\/wp\/v2\/categories?post=144340"},{"taxonomy":"post_tag","embeddable":true,"href":"https:\/\/elinformanteperu.com\/index.php\/wp-json\/wp\/v2\/tags?post=144340"}],"curies":[{"name":"wp","href":"https:\/\/api.w.org\/{rel}","templated":true}]}}