{"id":14395,"date":"2017-08-14T21:57:34","date_gmt":"2017-08-15T02:57:34","guid":{"rendered":"http:\/\/elinformanteperu.com\/?p=14395"},"modified":"2017-08-14T21:57:34","modified_gmt":"2017-08-15T02:57:34","slug":"paolo-guerrero-afirma-que-alianza-lima-es-un-sentimiento-indescriptible","status":"publish","type":"post","link":"https:\/\/elinformanteperu.com\/index.php\/2017\/08\/14\/paolo-guerrero-afirma-que-alianza-lima-es-un-sentimiento-indescriptible\/","title":{"rendered":"Paolo Guerrero afirma que Alianza Lima es un \u00absentimiento indescriptible\u00bb"},"content":{"rendered":"<p><strong><span style=\"color: #000000;\">Tras la obtenci\u00f3n del t\u00edtulo del torneo Apertura, Paolo Guerrero, hincha confeso de Alianza Lima, us\u00f3 las redes sociales para reafirmar su amor por la \u00abblanquiazul\u00bb.<\/span><\/strong><\/p>\n<p><span style=\"color: #000000;\"><strong>Lima, 14 Agosto 2017, (ANDINA).-<\/strong> Tras la obtenci\u00f3n del t\u00edtulo del torneo Apertura, Paolo Guerrero, hincha confeso de Alianza Lima, us\u00f3 las redes sociales para reafirmar su amor por la \u00abblanquiazul\u00bb y celebr\u00f3 a su estilo por la consecuci\u00f3n \u00edntima tras 11 a\u00f1os de sequ\u00eda.<\/span><\/p>\n<p><span style=\"color: #000000;\">\u00abPara mi Alianza Lima es un sentimiento indescriptible. No tengo palabra para describir este d\u00eda. \u00a1Arriba Alianza! \u00a1Vamos por m\u00e1s!\u00bb, escribi\u00f3 Paolo Guerrero en su Facebook.<\/span><\/p>\n<p><span style=\"color: #000000;\">Paolo Guerrero es un hincha confeso de Alianza Lima y jug\u00f3 en las divisiones inferiores del conjunto \u00edntimo. Adem\u00e1s, en m\u00e1s de una oportunidad ha se\u00f1alado que le gustar\u00eda retirarse en el equipo blanquiazul.<\/span><\/p>\n<p><span style=\"color: #000000;\">Alianza Lima sum\u00f3 30 unidades y termin\u00f3 como l\u00edder del torneo Apertura que le brinda la posibilidad de acceder a los play off para disputar la corona nacional a fin de a\u00f1o y clasificar a la fase de grupo de la Copa Libertadores 2018.<\/span><\/p>\n<p><img fetchpriority=\"high\" decoding=\"async\" class=\"aligncenter size-full wp-image-14396\" src=\"http:\/\/elinformanteperu.com\/wp-content\/uploads\/2017\/08\/alianza-campeon-apertura.jpg\" alt=\"\" width=\"500\" height=\"500\" srcset=\"https:\/\/elinformanteperu.com\/wp-content\/uploads\/2017\/08\/alianza-campeon-apertura.jpg 500w, https:\/\/elinformanteperu.com\/wp-content\/uploads\/2017\/08\/alianza-campeon-apertura-150x150.jpg 150w, https:\/\/elinformanteperu.com\/wp-content\/uploads\/2017\/08\/alianza-campeon-apertura-300x300.jpg 300w, https:\/\/elinformanteperu.com\/wp-content\/uploads\/2017\/08\/alianza-campeon-apertura-128x128.jpg 128w, https:\/\/elinformanteperu.com\/wp-content\/uploads\/2017\/08\/alianza-campeon-apertura-32x32.jpg 32w, https:\/\/elinformanteperu.com\/wp-content\/uploads\/2017\/08\/alianza-campeon-apertura-60x60.jpg 60w, https:\/\/elinformanteperu.com\/wp-content\/uploads\/2017\/08\/alianza-campeon-apertura-50x50.jpg 50w\" sizes=\"(max-width: 500px) 100vw, 500px\" \/><\/p>\n","protected":false},"excerpt":{"rendered":"<p>Tras la obtenci\u00f3n del t\u00edtulo del torneo Apertura, Paolo Guerrero, hincha confeso de Alianza Lima, us\u00f3 las redes sociales para reafirmar su amor por la \u00abblanquiazul\u00bb. Lima, 14 Agosto 2017, (ANDINA).- Tras la obtenci\u00f3n del t\u00edtulo del torneo Apertura, Paolo Guerrero, hincha confeso de Alianza Lima, us\u00f3 las redes sociales para reafirmar su amor por [&hellip;]<\/p>\n","protected":false},"author":1,"featured_media":3503,"comment_status":"open","ping_status":"open","sticky":false,"template":"","format":"standard","meta":{"rop_custom_images_group":[],"rop_custom_messages_group":[],"rop_publish_now":"initial","rop_publish_now_accounts":[],"rop_publish_now_history":[],"rop_publish_now_status":"pending","footnotes":""},"categories":[8],"tags":[91,203],"class_list":["post-14395","post","type-post","status-publish","format-standard","has-post-thumbnail","hentry","category-disciplinas-deportivas","tag-alianza-lima","tag-paolo-guerrero"],"_links":{"self":[{"href":"https:\/\/elinformanteperu.com\/index.php\/wp-json\/wp\/v2\/posts\/14395","targetHints":{"allow":["GET"]}}],"collection":[{"href":"https:\/\/elinformanteperu.com\/index.php\/wp-json\/wp\/v2\/posts"}],"about":[{"href":"https:\/\/elinformanteperu.com\/index.php\/wp-json\/wp\/v2\/types\/post"}],"author":[{"embeddable":true,"href":"https:\/\/elinformanteperu.com\/index.php\/wp-json\/wp\/v2\/users\/1"}],"replies":[{"embeddable":true,"href":"https:\/\/elinformanteperu.com\/index.php\/wp-json\/wp\/v2\/comments?post=14395"}],"version-history":[{"count":1,"href":"https:\/\/elinformanteperu.com\/index.php\/wp-json\/wp\/v2\/posts\/14395\/revisions"}],"predecessor-version":[{"id":14397,"href":"https:\/\/elinformanteperu.com\/index.php\/wp-json\/wp\/v2\/posts\/14395\/revisions\/14397"}],"wp:featuredmedia":[{"embeddable":true,"href":"https:\/\/elinformanteperu.com\/index.php\/wp-json\/wp\/v2\/media\/3503"}],"wp:attachment":[{"href":"https:\/\/elinformanteperu.com\/index.php\/wp-json\/wp\/v2\/media?parent=14395"}],"wp:term":[{"taxonomy":"category","embeddable":true,"href":"https:\/\/elinformanteperu.com\/index.php\/wp-json\/wp\/v2\/categories?post=14395"},{"taxonomy":"post_tag","embeddable":true,"href":"https:\/\/elinformanteperu.com\/index.php\/wp-json\/wp\/v2\/tags?post=14395"}],"curies":[{"name":"wp","href":"https:\/\/api.w.org\/{rel}","templated":true}]}}