{"id":143859,"date":"2025-10-22T07:37:44","date_gmt":"2025-10-22T12:37:44","guid":{"rendered":"https:\/\/elinformanteperu.com\/?p=143859"},"modified":"2025-10-22T07:37:44","modified_gmt":"2025-10-22T12:37:44","slug":"acuerdo-nacional-plantea-reforma-policial-y-del-sistema-de-justicia","status":"publish","type":"post","link":"https:\/\/elinformanteperu.com\/index.php\/2025\/10\/22\/acuerdo-nacional-plantea-reforma-policial-y-del-sistema-de-justicia\/","title":{"rendered":"Acuerdo Nacional plantea reforma policial y del sistema de justicia"},"content":{"rendered":"<p><span style=\"color: #000000;\"><strong>Lima, 21 de octubre 2025 (ANDINA).-<\/strong> El director ejecutivo del Acuerdo Nacional, Max Hern\u00e1ndez, afirm\u00f3 que durante la pasada sesi\u00f3n de este foro presentaron un documento sobre la inseguridad ciudadana, que plantea, entro otros puntos, una reforma policial y del sistema de justicia, con la finalidad de combatir este flagelo que afecta a toda la ciudadan\u00eda.<\/span><\/p>\n<p><span style=\"color: #000000;\">En ese sentido, indic\u00f3 que si bien el Acuerdo Nacional debate grandes temas y de largo plazo, en la v\u00edspera se entr\u00f3 a la coyuntura, debido a que la inseguridad ciudadana \u00abpone en riesgo el propio Estado nacional\u00bb.<\/span><\/p>\n<p><span style=\"color: #000000;\">\u00abSe pide reforma policial y reforma del sistema de justicia, se plantea una revisi\u00f3n de las normas que fueron cuestionadas, algunas llamadas leyes pro crimen y hubo una exposici\u00f3n de miembros del Congreso explicando que pueden ser revisadas, pero que llamarlas as\u00ed no contribuye a un cambio en di\u00e1logo y consenso\u00bb, expres\u00f3 en RPP.<\/span><\/p>\n<p><span style=\"color: #000000;\">Refiri\u00f3, asimismo, que tambi\u00e9n se plante\u00f3 que el derecho a la protesta es inalienable y se propuso que la Polic\u00eda Nacional tambi\u00e9n est\u00e1 bastante desprotegida, por lo que debe ser importante contar con otros protocolos.<\/span><\/p>\n<p><span style=\"color: #000000;\">Destac\u00f3 que fue importante iniciar esta sesi\u00f3n con las condolencias a la familia de Eduardo Ruiz Sanz, fallecido durante las protestas, las mismas que se extendieron a todos aquellos que resultaron afectados.<\/span><\/p>\n<p><span style=\"color: #000000;\">\u00abSe puede decir que es un mero gesto, pero es importante que el pleno del Acuerdo Nacional asisti\u00f3 y que ese pedido de condolencias estuviera presente, aceptado, adem\u00e1s, por todos los presentes\u00bb, agreg\u00f3.<\/span><\/p>\n<p><span style=\"color: #000000;\">En cuanto al documento sobre inseguridad ciudadana, Hern\u00e1ndez sostuvo que este fue preparado durante cerca de cuatro meses, el mismo que fue aceptado por todos los integrantes.<\/span><\/p>\n<p><span style=\"color: #000000;\">En otro momento, manifest\u00f3 que una reuni\u00f3n con los jefes de los planes de gobierno de los partidos permitir\u00e1 establecer \u00abl\u00edneas rojas\u00bb respecto a algunos temas que no deben ser promovidos como \u00ablos lenguajes de odio, las propuestas sin respaldo y no prometer el oro y el moro\u00bb.<\/span><\/p>\n<p><span style=\"color: #000000;\">Por \u00faltimo, adelant\u00f3 que la pr\u00f3xima reuni\u00f3n del Acuerdo Nacional tocar\u00e1 el tema del desarrollo infantil temprano, por lo que se espera que no haya excusas de las instituciones para participar.<\/span><\/p>\n","protected":false},"excerpt":{"rendered":"<p>Lima, 21 de octubre 2025 (ANDINA).- El director ejecutivo del Acuerdo Nacional, Max Hern\u00e1ndez, afirm\u00f3 que durante la pasada sesi\u00f3n de este foro presentaron un documento sobre la inseguridad ciudadana, que plantea, entro otros puntos, una reforma policial y del sistema de justicia, con la finalidad de combatir este flagelo que afecta a toda la [&hellip;]<\/p>\n","protected":false},"author":1,"featured_media":143860,"comment_status":"closed","ping_status":"closed","sticky":false,"template":"","format":"standard","meta":{"rop_custom_images_group":[],"rop_custom_messages_group":[],"rop_publish_now":"initial","rop_publish_now_accounts":[],"rop_publish_now_history":[],"rop_publish_now_status":"pending","footnotes":""},"categories":[5],"tags":[673,5877,432],"class_list":["post-143859","post","type-post","status-publish","format-standard","has-post-thumbnail","hentry","category-actualidad-informativa","tag-acuerdo-nacional","tag-max-hernandez","tag-seguridad-ciudadana"],"_links":{"self":[{"href":"https:\/\/elinformanteperu.com\/index.php\/wp-json\/wp\/v2\/posts\/143859","targetHints":{"allow":["GET"]}}],"collection":[{"href":"https:\/\/elinformanteperu.com\/index.php\/wp-json\/wp\/v2\/posts"}],"about":[{"href":"https:\/\/elinformanteperu.com\/index.php\/wp-json\/wp\/v2\/types\/post"}],"author":[{"embeddable":true,"href":"https:\/\/elinformanteperu.com\/index.php\/wp-json\/wp\/v2\/users\/1"}],"replies":[{"embeddable":true,"href":"https:\/\/elinformanteperu.com\/index.php\/wp-json\/wp\/v2\/comments?post=143859"}],"version-history":[{"count":1,"href":"https:\/\/elinformanteperu.com\/index.php\/wp-json\/wp\/v2\/posts\/143859\/revisions"}],"predecessor-version":[{"id":143861,"href":"https:\/\/elinformanteperu.com\/index.php\/wp-json\/wp\/v2\/posts\/143859\/revisions\/143861"}],"wp:featuredmedia":[{"embeddable":true,"href":"https:\/\/elinformanteperu.com\/index.php\/wp-json\/wp\/v2\/media\/143860"}],"wp:attachment":[{"href":"https:\/\/elinformanteperu.com\/index.php\/wp-json\/wp\/v2\/media?parent=143859"}],"wp:term":[{"taxonomy":"category","embeddable":true,"href":"https:\/\/elinformanteperu.com\/index.php\/wp-json\/wp\/v2\/categories?post=143859"},{"taxonomy":"post_tag","embeddable":true,"href":"https:\/\/elinformanteperu.com\/index.php\/wp-json\/wp\/v2\/tags?post=143859"}],"curies":[{"name":"wp","href":"https:\/\/api.w.org\/{rel}","templated":true}]}}