{"id":143846,"date":"2025-10-21T22:28:19","date_gmt":"2025-10-22T03:28:19","guid":{"rendered":"https:\/\/elinformanteperu.com\/?p=143846"},"modified":"2025-10-21T22:28:19","modified_gmt":"2025-10-22T03:28:19","slug":"ministra-del-midis-puso-en-marcha-mantenimiento-de-200-escaleras-en-lima-metropolitana-y-callao","status":"publish","type":"post","link":"https:\/\/elinformanteperu.com\/index.php\/2025\/10\/21\/ministra-del-midis-puso-en-marcha-mantenimiento-de-200-escaleras-en-lima-metropolitana-y-callao\/","title":{"rendered":"Ministra del Midis puso en marcha mantenimiento de 200 escaleras en Lima Metropolitana y Callao"},"content":{"rendered":"<p><strong><span style=\"color: #000000;\">\u2022 Bajo el lema \u201cPasos que unen\u201d, los trabajos se realizan en zonas de dif\u00edcil acceso en los asentamientos humanos de 16 distritos, con una inversi\u00f3n de S\/45 millones.<\/span><\/strong><\/p>\n<p><span style=\"color: #000000;\"><strong>Lima, 21 de octubre 2025 (El Informante Per\u00fa).-<\/strong> En un ambiente de gran alegr\u00eda y esperanza reflejada en el rostro de los pobladores del asentamiento humano Ex Millenium del distrito de Ventanilla, la ministra de Desarrollo e Inclusi\u00f3n Social, Lesly Shica Seguil, colocando la primera piedra, dio inicio a las actividades de mantenimiento de 12 escaleras peatonales en esa comuna chalaca, de un total de 200 que ser\u00e1n rehabilitadas en 16 distritos de Lima Metropolitana y Callao.<\/span><\/p>\n<p><span style=\"color: #000000;\">\u201cEl Estado ha destinado un fondo de S\/ 45 millones para el mantenimiento de 200 escaleras en Lima y el Callao, para que la gente pueda caminar de forma segura. Adem\u00e1s, contar\u00e1 con la adecuada iluminaci\u00f3n para acompa\u00f1ar a los emprendedores que transitan las 24 horas durante los 7 d\u00edas de la semana y sacan adelante a sus familias. Por indicaci\u00f3n de presidente de la Rep\u00fablica, Jos\u00e9 Jer\u00ed, estamos uniendo pasos para el desarrollo y la inclusi\u00f3n social\u201d, afirm\u00f3 la titular del Midis en los primeros d\u00edas de gesti\u00f3n, inyectando un aire de juventud y dinamismo.<\/span><\/p>\n<p><span style=\"color: #000000;\">La ministra del Midis estuvo acompa\u00f1ada del viceministro de Prestaciones Sociales, Julio Mendigure Fern\u00e1ndez, la congresista Patricia Chirinos, el alcalde de Ventanilla, Jhovinson V\u00e1squez Osorio, el director ejecutivo de Foncodes, Luis Esquivel Torres y el presidente del N\u00facleo Ejecutor, Jos\u00e9 Camacho Sandoval.<\/span><\/p>\n<p><a href=\"https:\/\/elinformanteperu.com\/wp-content\/uploads\/2025\/10\/midis-ventanilla2.jpg\"><img fetchpriority=\"high\" decoding=\"async\" class=\"size-large wp-image-143848 aligncenter\" src=\"https:\/\/elinformanteperu.com\/wp-content\/uploads\/2025\/10\/midis-ventanilla2-1024x682.jpg\" alt=\"\" width=\"615\" height=\"410\" srcset=\"https:\/\/elinformanteperu.com\/wp-content\/uploads\/2025\/10\/midis-ventanilla2-1024x682.jpg 1024w, https:\/\/elinformanteperu.com\/wp-content\/uploads\/2025\/10\/midis-ventanilla2-300x200.jpg 300w, https:\/\/elinformanteperu.com\/wp-content\/uploads\/2025\/10\/midis-ventanilla2-768x512.jpg 768w, https:\/\/elinformanteperu.com\/wp-content\/uploads\/2025\/10\/midis-ventanilla2.jpg 1280w\" sizes=\"(max-width: 615px) 100vw, 615px\" \/><\/a><strong><span style=\"color: #000000;\">Inversi\u00f3n con impacto social<\/span><\/strong><\/p>\n<p><span style=\"color: #000000;\">En los empinados cerros de los asentamientos humanos, donde cada pelda\u00f1o de escalera es una historia de esfuerzo, dedicaci\u00f3n y sacrificio por sobrevivir a la adversidad, Foncodes mediante n\u00facleos ejecutores realizar\u00e1 la rehabilitaci\u00f3n de 200 escaleras peatonales. Para cumplir con esta tarea se dar\u00e1 empleo a profesionales y t\u00e9cnicos calificados, pero tambi\u00e9n se contratar\u00e1 mano de obra no calificada como las madres socias de los comedores populares y ollas comunes, quienes realizar\u00e1n labores de limpieza, traslado de arena, piedra chancada, madera y otros materiales que se emplear\u00e1n en las obras de alba\u00f1iler\u00eda.<\/span><\/p>\n<p><span style=\"color: #000000;\">Precisamente, las escaleras ser\u00e1n mejoradas para facilitar el acceso seguro de la poblaci\u00f3n m\u00e1s vulnerable que acude a los comedores populares y ollas comunes, y tambi\u00e9n servir\u00e1 a todos aquellos vecinos que se desplazan por estas v\u00edas en sus actividades cotidianas.<\/span><\/p>\n<p><span style=\"color: #000000;\">Los trabajos de mantenimiento comprenden limpieza, reposici\u00f3n, revestimiento exterior o interior con cemento, se\u00f1alizaci\u00f3n, reparaci\u00f3n y mantenimiento en general de la infraestructura. Lo novedoso es que las renovadas escaleras adem\u00e1s de la pintura con dise\u00f1os gr\u00e1ficos llamativos y barandas, tambi\u00e9n tendr\u00e1n iluminaci\u00f3n con energ\u00eda solar.<\/span><\/p>\n<p><a href=\"https:\/\/elinformanteperu.com\/wp-content\/uploads\/2025\/10\/midis-ventanilla1.jpg\"><img decoding=\"async\" class=\"size-large wp-image-143850 aligncenter\" src=\"https:\/\/elinformanteperu.com\/wp-content\/uploads\/2025\/10\/midis-ventanilla1-1024x682.jpg\" alt=\"\" width=\"615\" height=\"410\" srcset=\"https:\/\/elinformanteperu.com\/wp-content\/uploads\/2025\/10\/midis-ventanilla1-1024x682.jpg 1024w, https:\/\/elinformanteperu.com\/wp-content\/uploads\/2025\/10\/midis-ventanilla1-300x200.jpg 300w, https:\/\/elinformanteperu.com\/wp-content\/uploads\/2025\/10\/midis-ventanilla1-768x512.jpg 768w, https:\/\/elinformanteperu.com\/wp-content\/uploads\/2025\/10\/midis-ventanilla1.jpg 1280w\" sizes=\"(max-width: 615px) 100vw, 615px\" \/><\/a><span style=\"color: #000000;\">Bajo el lema \u201cPasos que unen\u201d, los trabajos se realizan en zonas de dif\u00edcil acceso, muy empinadas. Adem\u00e1s de ser una inversi\u00f3n en infraestructura, es tambi\u00e9n inversi\u00f3n en calidad de vida de los ciudadanos m\u00e1s pobres en raz\u00f3n que concentran la mayor cantidad de ollas comunes y comedores populares.<\/span><\/p>\n<p><span style=\"color: #000000;\">En una primera etapa, fueron rehabilitadas 135 escaleras en ocho distritos de Lima Metropolitana, con una inversi\u00f3n de m\u00e1s de S\/30 millones, para el acceso peatonal de 15 291 ciudadanos.<\/span><\/p>\n<p><span style=\"color: #000000;\">El proyecto escaleras, adem\u00e1s de ser una inversi\u00f3n social que mejora la infraestructura, tiene por objetivo habitar espacios con reducidas rutas de acceso. El beneficio tambi\u00e9n ser\u00e1 para la salud, ya que las escaleras reducen la contaminaci\u00f3n por polvo y las enfermedades respiratorias y dermatol\u00f3gicas.<\/span><\/p>\n<p><a href=\"https:\/\/elinformanteperu.com\/wp-content\/uploads\/2025\/10\/midis-ventanilla3.jpg\"><img decoding=\"async\" class=\"size-large wp-image-143851 aligncenter\" src=\"https:\/\/elinformanteperu.com\/wp-content\/uploads\/2025\/10\/midis-ventanilla3-1024x683.jpg\" alt=\"\" width=\"615\" height=\"410\" srcset=\"https:\/\/elinformanteperu.com\/wp-content\/uploads\/2025\/10\/midis-ventanilla3-1024x683.jpg 1024w, https:\/\/elinformanteperu.com\/wp-content\/uploads\/2025\/10\/midis-ventanilla3-300x200.jpg 300w, https:\/\/elinformanteperu.com\/wp-content\/uploads\/2025\/10\/midis-ventanilla3-768x512.jpg 768w, https:\/\/elinformanteperu.com\/wp-content\/uploads\/2025\/10\/midis-ventanilla3.jpg 1280w\" sizes=\"(max-width: 615px) 100vw, 615px\" \/><\/a><\/p>\n","protected":false},"excerpt":{"rendered":"<p>\u2022 Bajo el lema \u201cPasos que unen\u201d, los trabajos se realizan en zonas de dif\u00edcil acceso en los asentamientos humanos de 16 distritos, con una inversi\u00f3n de S\/45 millones. Lima, 21 de octubre 2025 (El Informante Per\u00fa).- En un ambiente de gran alegr\u00eda y esperanza reflejada en el rostro de los pobladores del asentamiento humano [&hellip;]<\/p>\n","protected":false},"author":1,"featured_media":143847,"comment_status":"closed","ping_status":"closed","sticky":false,"template":"","format":"standard","meta":{"rop_custom_images_group":[],"rop_custom_messages_group":[],"rop_publish_now":"initial","rop_publish_now_accounts":[],"rop_publish_now_history":[],"rop_publish_now_status":"pending","footnotes":""},"categories":[10],"tags":[153,4642],"class_list":["post-143846","post","type-post","status-publish","format-standard","has-post-thumbnail","hentry","category-actualidad-municipal","tag-midis","tag-ventanilla"],"_links":{"self":[{"href":"https:\/\/elinformanteperu.com\/index.php\/wp-json\/wp\/v2\/posts\/143846","targetHints":{"allow":["GET"]}}],"collection":[{"href":"https:\/\/elinformanteperu.com\/index.php\/wp-json\/wp\/v2\/posts"}],"about":[{"href":"https:\/\/elinformanteperu.com\/index.php\/wp-json\/wp\/v2\/types\/post"}],"author":[{"embeddable":true,"href":"https:\/\/elinformanteperu.com\/index.php\/wp-json\/wp\/v2\/users\/1"}],"replies":[{"embeddable":true,"href":"https:\/\/elinformanteperu.com\/index.php\/wp-json\/wp\/v2\/comments?post=143846"}],"version-history":[{"count":1,"href":"https:\/\/elinformanteperu.com\/index.php\/wp-json\/wp\/v2\/posts\/143846\/revisions"}],"predecessor-version":[{"id":143852,"href":"https:\/\/elinformanteperu.com\/index.php\/wp-json\/wp\/v2\/posts\/143846\/revisions\/143852"}],"wp:featuredmedia":[{"embeddable":true,"href":"https:\/\/elinformanteperu.com\/index.php\/wp-json\/wp\/v2\/media\/143847"}],"wp:attachment":[{"href":"https:\/\/elinformanteperu.com\/index.php\/wp-json\/wp\/v2\/media?parent=143846"}],"wp:term":[{"taxonomy":"category","embeddable":true,"href":"https:\/\/elinformanteperu.com\/index.php\/wp-json\/wp\/v2\/categories?post=143846"},{"taxonomy":"post_tag","embeddable":true,"href":"https:\/\/elinformanteperu.com\/index.php\/wp-json\/wp\/v2\/tags?post=143846"}],"curies":[{"name":"wp","href":"https:\/\/api.w.org\/{rel}","templated":true}]}}