{"id":143792,"date":"2025-10-21T02:23:32","date_gmt":"2025-10-21T07:23:32","guid":{"rendered":"https:\/\/elinformanteperu.com\/?p=143792"},"modified":"2025-10-21T02:23:32","modified_gmt":"2025-10-21T07:23:32","slug":"presidente-jose-jeri-llama-a-una-accion-unificada-contra-la-inseguridad","status":"publish","type":"post","link":"https:\/\/elinformanteperu.com\/index.php\/2025\/10\/21\/presidente-jose-jeri-llama-a-una-accion-unificada-contra-la-inseguridad\/","title":{"rendered":"Presidente Jos\u00e9 Jer\u00ed llama a una acci\u00f3n unificada contra la inseguridad"},"content":{"rendered":"<p><strong><span style=\"color: #000000;\">Y tambi\u00e9n por la estabilidad nacional<\/span><\/strong><\/p>\n<p><span style=\"color: #000000;\"><strong>Lima, 20 de octubre 2025 (ANDINA).-<\/strong> El presidente de la Rep\u00fablica, Jos\u00e9 Jer\u00ed Or\u00e9, encabez\u00f3 la 134\u00aa sesi\u00f3n del Foro del Acuerdo Nacional, desarrollada en Palacio de Gobierno, con la participaci\u00f3n de representantes de los tres poderes del Estado, partidos pol\u00edticos, gobiernos regionales y locales, as\u00ed como de organizaciones de la sociedad civil.<\/span><\/p>\n<p><span style=\"color: #000000;\">Al inicio del encuentro, el mandatario indic\u00f3 que el pa\u00eds atraviesa un momento decisivo que demanda serenidad, respeto a la institucionalidad y acuerdos que permitan construir una agenda de unidad.<\/span><\/p>\n<p><span style=\"color: #000000;\">\u201cMomentos como los que vivimos requieren medidas nuevas y, para ello, se necesita tranquilidad y respeto a la institucionalidad. El Acuerdo Nacional es una plataforma adecuada para los tiempos que vive el Per\u00fa\u201d, se\u00f1al\u00f3.<\/span><\/p>\n<p><span style=\"color: #000000;\">El presidente Jer\u00ed Or\u00e9 explic\u00f3 que, desde los primeros d\u00edas de su gesti\u00f3n, se decidi\u00f3 convocar al Acuerdo Nacional como un espacio de consenso para definir pol\u00edticas que respondan a las principales prioridades del pa\u00eds. En ese sentido, identific\u00f3 tres ejes centrales para la acci\u00f3n del Gobierno: la lucha contra la inseguridad ciudadana, la garant\u00eda de elecciones limpias y seguras, y la generaci\u00f3n de condiciones econ\u00f3micas que permitan atraer inversiones y atender las expectativas sociales.<\/span><\/p>\n<p><span style=\"color: #000000;\">\u201cLa inseguridad ciudadana es una tarea en la que, pese a los esfuerzos, el Estado no ha actuado de la mejor manera. Hemos hecho lo mismo y obtenido los mismos o peores resultados. Debemos actuar de forma distinta para proteger a los ciudadanos\u201d, enfatiz\u00f3.<\/span><\/p>\n<p><a href=\"https:\/\/elinformanteperu.com\/wp-content\/uploads\/2025\/10\/acuerdo-nacional-jeri2.jpg\"><img fetchpriority=\"high\" decoding=\"async\" class=\"size-large wp-image-143794 aligncenter\" src=\"https:\/\/elinformanteperu.com\/wp-content\/uploads\/2025\/10\/acuerdo-nacional-jeri2-1024x682.jpg\" alt=\"\" width=\"615\" height=\"410\" srcset=\"https:\/\/elinformanteperu.com\/wp-content\/uploads\/2025\/10\/acuerdo-nacional-jeri2-1024x682.jpg 1024w, https:\/\/elinformanteperu.com\/wp-content\/uploads\/2025\/10\/acuerdo-nacional-jeri2-300x200.jpg 300w, https:\/\/elinformanteperu.com\/wp-content\/uploads\/2025\/10\/acuerdo-nacional-jeri2-768x512.jpg 768w, https:\/\/elinformanteperu.com\/wp-content\/uploads\/2025\/10\/acuerdo-nacional-jeri2-1536x1023.jpg 1536w, https:\/\/elinformanteperu.com\/wp-content\/uploads\/2025\/10\/acuerdo-nacional-jeri2.jpg 1600w\" sizes=\"(max-width: 615px) 100vw, 615px\" \/><\/a><span style=\"color: #000000;\">El jefe de Estado tambi\u00e9n subray\u00f3 la importancia de garantizar la transparencia electoral y el pleno ejercicio de los derechos ciudadanos. \u201cEstamos con un proceso electoral en marcha, y es necesario asegurar las condiciones de su correcta realizaci\u00f3n, as\u00ed como la seguridad de todos los peruanos. Son temas que est\u00e1n relacionados\u201d, manifest\u00f3.<\/span><\/p>\n<p><span style=\"color: #000000;\">En el plano econ\u00f3mico, el presidente indic\u00f3 que se buscar\u00e1 promover la inversi\u00f3n interna y extranjera con responsabilidad fiscal. \u201cTenemos una oportunidad de oro para que el Per\u00fa sea una potencia en el continente. No hemos podido salir adelante como deber\u00edamos, y por eso necesitamos plantear mecanismos distintos que impulsen el crecimiento y atiendan las expectativas de la poblaci\u00f3n\u201d, sostuvo.<\/span><\/p>\n<p><span style=\"color: #000000;\">El mandatario reafirm\u00f3 que su gesti\u00f3n trabajar\u00e1 sobre la base del di\u00e1logo real y constante, orientado a resultados. \u201cEs fundamental atender lo urgente, pero tambi\u00e9n dejar las bases del futuro. Solo con un di\u00e1logo real, no circunstancial, podremos construir un pa\u00eds m\u00e1s justo y unido\u201d, expres\u00f3.<\/span><\/p>\n<p><span style=\"color: #000000;\">Al cierre del encuentro, el secretario ejecutivo del Acuerdo Nacional, Max Hern\u00e1ndez Camarero, pidi\u00f3 que se mantenga el di\u00e1logo como prevenci\u00f3n de futuros conflictos, a fin de recuperar la confianza de la ciudadan\u00eda en las instituciones del Estado, el sector privado y las organizaciones civiles.<\/span><\/p>\n<p><span style=\"color: #000000;\">\u00abCreo que el Acuerdo Nacional est\u00e1 reuniendo, en este momento, un espacio fundamental de di\u00e1logo en pro del bienestar com\u00fan, pero se est\u00e1 transformando tambi\u00e9n en una suerte de gran engranaje actuante para llevar adelante las tareas que tenemos, que son, esencialmente, preservar la democracia\u00bb, puntualiz\u00f3.<\/span><\/p>\n<p><span style=\"color: #000000;\">Tambi\u00e9n participaron en el foro el presidente del Consejo de Ministros, Ernesto \u00c1lvarez Miranda; el ministro de Justicia y Derechos Humanos, Walter Mart\u00ednez Laura; el ministro de Salud, Luis Quiroz Avil\u00e9s; la ministra de la Mujer y Poblaciones Vulnerables, Sandra Guti\u00e9rrez Cuba; el vicepresidente la Asamblea de Gobernadores Regionales (ANGR) y gobernador regional del Callao, Ciro Castillo Rojo; el presidente de la Asociaci\u00f3n de Municipalidades del Per\u00fa (AMPE) y alcalde provincial de Huancayo, Dennys Cuba River.<\/span><\/p>\n<p><span style=\"color: #000000;\">Adem\u00e1s, intervinieron la presidenta del Poder Judicial, Janet Tello; el tercer vicepresidente del Congreso, Ilich L\u00f3pez; el presidente del Jurado Nacional de Elecciones (JNE), Roberto Burneo Bermejo; el presidente de la Oficina Nacional de Procesos Electorales (ONPE), Piero Corvetto Salinas; la jefa del Registro Nacional de Identificaci\u00f3n y Estado Civil (Reniec), Carmen Velarde Koechlin; el defensor del pueblo, Josu\u00e9 Guti\u00e9rrez C\u00f3ndor; as\u00ed como representantes de partidos pol\u00edticos, colegios profesionales del Per\u00fa, la Conferencia Episcopal Peruana, entre otras autoridades y miembros de la sociedad civil.<\/span><\/p>\n<p><a href=\"https:\/\/elinformanteperu.com\/wp-content\/uploads\/2025\/10\/acuerdo-nacional-jeri3.jpg\"><img decoding=\"async\" class=\"size-large wp-image-143795 aligncenter\" src=\"https:\/\/elinformanteperu.com\/wp-content\/uploads\/2025\/10\/acuerdo-nacional-jeri3-1024x682.jpg\" alt=\"\" width=\"615\" height=\"410\" srcset=\"https:\/\/elinformanteperu.com\/wp-content\/uploads\/2025\/10\/acuerdo-nacional-jeri3-1024x682.jpg 1024w, https:\/\/elinformanteperu.com\/wp-content\/uploads\/2025\/10\/acuerdo-nacional-jeri3-300x200.jpg 300w, https:\/\/elinformanteperu.com\/wp-content\/uploads\/2025\/10\/acuerdo-nacional-jeri3-768x512.jpg 768w, https:\/\/elinformanteperu.com\/wp-content\/uploads\/2025\/10\/acuerdo-nacional-jeri3-1536x1023.jpg 1536w, https:\/\/elinformanteperu.com\/wp-content\/uploads\/2025\/10\/acuerdo-nacional-jeri3.jpg 1600w\" sizes=\"(max-width: 615px) 100vw, 615px\" \/><\/a><\/p>\n","protected":false},"excerpt":{"rendered":"<p>Y tambi\u00e9n por la estabilidad nacional Lima, 20 de octubre 2025 (ANDINA).- El presidente de la Rep\u00fablica, Jos\u00e9 Jer\u00ed Or\u00e9, encabez\u00f3 la 134\u00aa sesi\u00f3n del Foro del Acuerdo Nacional, desarrollada en Palacio de Gobierno, con la participaci\u00f3n de representantes de los tres poderes del Estado, partidos pol\u00edticos, gobiernos regionales y locales, as\u00ed como de organizaciones [&hellip;]<\/p>\n","protected":false},"author":1,"featured_media":143793,"comment_status":"closed","ping_status":"closed","sticky":false,"template":"","format":"standard","meta":{"rop_custom_images_group":[],"rop_custom_messages_group":[],"rop_publish_now":"initial","rop_publish_now_accounts":[],"rop_publish_now_history":[],"rop_publish_now_status":"pending","footnotes":""},"categories":[5],"tags":[673,8134,432],"class_list":["post-143792","post","type-post","status-publish","format-standard","has-post-thumbnail","hentry","category-actualidad-informativa","tag-acuerdo-nacional","tag-jose-jeri","tag-seguridad-ciudadana"],"_links":{"self":[{"href":"https:\/\/elinformanteperu.com\/index.php\/wp-json\/wp\/v2\/posts\/143792","targetHints":{"allow":["GET"]}}],"collection":[{"href":"https:\/\/elinformanteperu.com\/index.php\/wp-json\/wp\/v2\/posts"}],"about":[{"href":"https:\/\/elinformanteperu.com\/index.php\/wp-json\/wp\/v2\/types\/post"}],"author":[{"embeddable":true,"href":"https:\/\/elinformanteperu.com\/index.php\/wp-json\/wp\/v2\/users\/1"}],"replies":[{"embeddable":true,"href":"https:\/\/elinformanteperu.com\/index.php\/wp-json\/wp\/v2\/comments?post=143792"}],"version-history":[{"count":1,"href":"https:\/\/elinformanteperu.com\/index.php\/wp-json\/wp\/v2\/posts\/143792\/revisions"}],"predecessor-version":[{"id":143796,"href":"https:\/\/elinformanteperu.com\/index.php\/wp-json\/wp\/v2\/posts\/143792\/revisions\/143796"}],"wp:featuredmedia":[{"embeddable":true,"href":"https:\/\/elinformanteperu.com\/index.php\/wp-json\/wp\/v2\/media\/143793"}],"wp:attachment":[{"href":"https:\/\/elinformanteperu.com\/index.php\/wp-json\/wp\/v2\/media?parent=143792"}],"wp:term":[{"taxonomy":"category","embeddable":true,"href":"https:\/\/elinformanteperu.com\/index.php\/wp-json\/wp\/v2\/categories?post=143792"},{"taxonomy":"post_tag","embeddable":true,"href":"https:\/\/elinformanteperu.com\/index.php\/wp-json\/wp\/v2\/tags?post=143792"}],"curies":[{"name":"wp","href":"https:\/\/api.w.org\/{rel}","templated":true}]}}