{"id":143788,"date":"2025-10-21T02:18:13","date_gmt":"2025-10-21T07:18:13","guid":{"rendered":"https:\/\/elinformanteperu.com\/?p=143788"},"modified":"2025-10-21T02:18:13","modified_gmt":"2025-10-21T07:18:13","slug":"acuerdo-nacional-proponen-medidas-contra-la-inseguridad-ciudadana-y-crimen-organizado","status":"publish","type":"post","link":"https:\/\/elinformanteperu.com\/index.php\/2025\/10\/21\/acuerdo-nacional-proponen-medidas-contra-la-inseguridad-ciudadana-y-crimen-organizado\/","title":{"rendered":"Acuerdo Nacional: proponen medidas contra la inseguridad ciudadana y crimen organizado"},"content":{"rendered":"<p><span style=\"color: #000000;\"><strong>Lima, 20 de octubre 2025 (ANDINA).-<\/strong> El Acuerdo Nacional, desarrollado hoy en Palacio de Gobierno, propone algunos temas que se deben tomar en cuenta en la lucha contra la inseguridad ciudadana y el crimen organizado, que deber\u00edan formar parte del debate electoral a fin de contribuir al voto informado y evitar que las econom\u00edas ilegales avancen y se infiltren en la pol\u00edtica nacional.<\/span><\/p>\n<p><span style=\"color: #000000;\">A continuaci\u00f3n algunos de los planteamientos:<\/span><\/p>\n<p><strong><span style=\"color: #000000;\">I. Reforma de la Polic\u00eda Nacional del Per\u00fa (PNP) y de los sistema de seguridad y de justicia penal<\/span><\/strong><\/p>\n<p><span style=\"color: #000000;\"><strong>a)<\/strong> Reforma de la Polic\u00eda Nacional del Per\u00fa (PNP) orientada principalmente reforzar la carrera policial estructurando l\u00edneas de carrera especializadas, promoviendo la vocaci\u00f3n de servicio y los valores, y la eficacia en la acci\u00f3n preventiva y represiva.<\/span><\/p>\n<p><strong><span style=\"color: #000000;\">Corto plazo: <\/span><\/strong><br \/>\n<span style=\"color: #000000;\">-Procesos de selecci\u00f3n est\u00e1ndar, simult\u00e1neos y con una evaluaci\u00f3n centralizada en todo el pa\u00eds, a trav\u00e9s de ex\u00e1menes transparentes con mayor rigor acad\u00e9mico; pruebas psicof\u00edsicas avanzadas y empleando el pol\u00edgrafo como herramienta complementaria; ascenso por acci\u00f3n distinguida, reglamentado y supervisado por un comit\u00e9 \u00e9tico; dedicaci\u00f3n exclusiva del polic\u00eda con jornadas de 8 horas eliminando el r\u00e9gimen 24&#215;24; comandante General de la PNP nombrado por dos a\u00f1os y con permanencia de un a\u00f1o adicional como m\u00e1ximo, por el logro de metas y resultados objetivos, a solicitud del Presidente de la Rep\u00fablica. Podr\u00e1 ser relevado s\u00f3lo por falta grave, entre otras medidas.<\/span><\/p>\n<p><strong><span style=\"color: #000000;\">Mediano plazo: <\/span><\/strong><br \/>\n<span style=\"color: #000000;\">-Plan de carrera meritocr\u00e1tico. Establecer una l\u00ednea de carrera objetiva, transparente, t\u00e9cnica y especializada, que promueva la capacitaci\u00f3n continua y el logro de objetivos concretos; estructurar l\u00edneas de carrera especializadas para la polic\u00eda nacional orientadas a: prevenir la delincuencia, prestar ayuda y proteger a las personas, resguardar la seguridad del patrimonio p\u00fablico y privado, garantizar el cumplimiento de las leyes, mantener y restablecer el orden interno, investigar las faltas, y vigilar y controlar las fronteras.<\/span><\/p>\n<p><strong><span style=\"color: #000000;\">Largo plazo: <\/span><\/strong><br \/>\n<span style=\"color: #000000;\">Distribuci\u00f3n estrat\u00e9gica de las comisar\u00edas, en base a data cualitativa y cuantitativa, as\u00ed como construcci\u00f3n de comisar\u00edas modulares para costa, sierra y selva.<\/span><\/p>\n<p><a href=\"https:\/\/elinformanteperu.com\/wp-content\/uploads\/2025\/10\/PNP2.webp\"><img fetchpriority=\"high\" decoding=\"async\" class=\"size-large wp-image-143790 aligncenter\" src=\"https:\/\/elinformanteperu.com\/wp-content\/uploads\/2025\/10\/PNP2-1024x683.webp\" alt=\"\" width=\"615\" height=\"410\" srcset=\"https:\/\/elinformanteperu.com\/wp-content\/uploads\/2025\/10\/PNP2-1024x683.webp 1024w, https:\/\/elinformanteperu.com\/wp-content\/uploads\/2025\/10\/PNP2-300x200.webp 300w, https:\/\/elinformanteperu.com\/wp-content\/uploads\/2025\/10\/PNP2-768x512.webp 768w, https:\/\/elinformanteperu.com\/wp-content\/uploads\/2025\/10\/PNP2-1536x1024.webp 1536w, https:\/\/elinformanteperu.com\/wp-content\/uploads\/2025\/10\/PNP2.webp 1800w\" sizes=\"(max-width: 615px) 100vw, 615px\" \/><\/a><span style=\"color: #000000;\"><strong>b)<\/strong> Acci\u00f3n articulada entre el Poder Ejecutivo, Poder Legislativo, Poder Judicial, Ministerio P\u00fablico, Superintendencia de Banca y Seguros, Defensor\u00eda del Pueblo y Gobiernos Regionales y Locales con una estrategia com\u00fan y con enfoque territorial<\/span><\/p>\n<p><strong><span style=\"color: #000000;\">Corto plazo: <\/span><\/strong><br \/>\n<span style=\"color: #000000;\">-Fortalecer la formulaci\u00f3n, actualizaci\u00f3n, implementaci\u00f3n, seguimiento y evaluaci\u00f3n de las pol\u00edticas nacionales; articular la Pol\u00edtica Nacional Multisectorial de Seguridad Ciudadana al 2030 y la Pol\u00edtica Nacional Multisectorial de Lucha Contra el Crimen Organizado 2019-2030, y con las dem\u00e1s pol\u00edticas nacionales directamente relacionadas con la lucha contra la inseguridad ciudadana y el crimen organizado, garantizar la interoperabilidad entre las instituciones directamente involucradas en la lucha contra el crimen organizado, coordinada por el Poder Ejecutivo.<\/span><\/p>\n<p><strong><span style=\"color: #000000;\">Mediano plazo: <\/span><\/strong><br \/>\n<span style=\"color: #000000;\">-Fortalecer los programas de resocializaci\u00f3n de los internos, incrementar el personal de seguridad en los establecimientos penitenciarios teniendo en cuenta la tecnolog\u00eda para reducir la proporci\u00f3n personal-interno, evaluar la creaci\u00f3n de una carrera profesional penitenciaria, entre otras.<\/span><\/p>\n<p><strong><span style=\"color: #000000;\">Largo plazo: <\/span><\/strong><br \/>\n<span style=\"color: #000000;\">-Implementar un sistema integrado de lavado de activos, liderado por la UIF; desmantelar las estructuras que sostienen las cadenas de valor ilegales: control de los insumos qu\u00edmicos relacionados a la miner\u00eda ilegal y al tr\u00e1fico il\u00edcito de drogas, protecci\u00f3n policial a la SUNAT, freno de la exportaci\u00f3n de oro ilegal, cierre de las rutas del narcotr\u00e1fico, destrucci\u00f3n de dragas, entre otros.<\/span><\/p>\n<p><span style=\"color: #000000;\"><strong>c)<\/strong> Reforma del sistema de administraci\u00f3n de justicia penal a cargo de una Comisi\u00f3n de Alto Nivel conformada por las entidades involucradas.<\/span><\/p>\n<p><strong><span style=\"color: #000000;\">Corto plazo: <\/span><\/strong><br \/>\n<span style=\"color: #000000;\">-Revisar y modificar, de manera integral, el C\u00f3digo Penal.<\/span><\/p>\n<p><strong><span style=\"color: #000000;\">Mediano plazo: <\/span><\/strong><br \/>\n<span style=\"color: #000000;\">-Garantizar un n\u00famero suficiente de jueces y fiscales, que ejerzan sus funciones con plena independencia, fortalecer la especializaci\u00f3n de fiscales y jueces en materia de lucha contra el crimen organizado, fortalecer el control interno para garantizar la probidad en las entidades p\u00fablicas, entre otras medidas.<\/span><\/p>\n<p><a href=\"https:\/\/elinformanteperu.com\/wp-content\/uploads\/2024\/08\/poder-judicial-fachada3.jpg\"><img decoding=\"async\" class=\"size-full wp-image-123850 aligncenter\" src=\"https:\/\/elinformanteperu.com\/wp-content\/uploads\/2024\/08\/poder-judicial-fachada3.jpg\" alt=\"\" width=\"500\" height=\"333\" srcset=\"https:\/\/elinformanteperu.com\/wp-content\/uploads\/2024\/08\/poder-judicial-fachada3.jpg 500w, https:\/\/elinformanteperu.com\/wp-content\/uploads\/2024\/08\/poder-judicial-fachada3-300x200.jpg 300w\" sizes=\"(max-width: 500px) 100vw, 500px\" \/><\/a><strong><span style=\"color: #000000;\">II Revisi\u00f3n normativa<\/span><\/strong><\/p>\n<p><span style=\"color: #000000;\">Estudio y modificaci\u00f3n de la legislaci\u00f3n vigente sobre el combate a la miner\u00eda ilegal, el tr\u00e1fico il\u00edcito de drogas, la extorsi\u00f3n y la trata de personas, para hacer m\u00e1s efectiva la labor de la Polic\u00eda, del Ministerio P\u00fablico y del Poder Judicial en la lucha contra estos flagelos, prestando especial atenci\u00f3n al tipo penal del delito de organizaci\u00f3n criminal, a los plazos de los procesos de colaboraci\u00f3n eficaz, de suspensi\u00f3n de la prescripci\u00f3n de la acci\u00f3n penal y de las interceptaciones telef\u00f3nicas.<\/span><\/p>\n<p><strong><span style=\"color: #000000;\">III. Prevenci\u00f3n y participaci\u00f3n social<\/span><\/strong><\/p>\n<p><span style=\"color: #000000;\">Fortalecer la formaci\u00f3n en valores de los estudiantes de todo nivel en coordinaci\u00f3n con las familias, aumentar una hora al curso de Desarrollo Personal, Ciudadana y C\u00edvica y propiciar espacios de formaci\u00f3n c\u00edvica con el objetivo de: promover el conocimiento y ejercicio de los derechos y deberes ciudadanos; fomentar el respeto por la ley, la diversidad, la democracia y el bien com\u00fan; reforzar el sentido de identidad nacional, compromiso c\u00edvico y participaci\u00f3n social; y afianzar la formaci\u00f3n en valores y responsabilidad social, entre otras disposiciones.<\/span><\/p>\n","protected":false},"excerpt":{"rendered":"<p>Lima, 20 de octubre 2025 (ANDINA).- El Acuerdo Nacional, desarrollado hoy en Palacio de Gobierno, propone algunos temas que se deben tomar en cuenta en la lucha contra la inseguridad ciudadana y el crimen organizado, que deber\u00edan formar parte del debate electoral a fin de contribuir al voto informado y evitar que las econom\u00edas ilegales [&hellip;]<\/p>\n","protected":false},"author":1,"featured_media":143789,"comment_status":"closed","ping_status":"closed","sticky":false,"template":"","format":"standard","meta":{"rop_custom_images_group":[],"rop_custom_messages_group":[],"rop_publish_now":"initial","rop_publish_now_accounts":[],"rop_publish_now_history":[],"rop_publish_now_status":"pending","footnotes":""},"categories":[5],"tags":[673,8134,1421],"class_list":["post-143788","post","type-post","status-publish","format-standard","has-post-thumbnail","hentry","category-actualidad-informativa","tag-acuerdo-nacional","tag-jose-jeri","tag-poder-ejecutivo"],"_links":{"self":[{"href":"https:\/\/elinformanteperu.com\/index.php\/wp-json\/wp\/v2\/posts\/143788","targetHints":{"allow":["GET"]}}],"collection":[{"href":"https:\/\/elinformanteperu.com\/index.php\/wp-json\/wp\/v2\/posts"}],"about":[{"href":"https:\/\/elinformanteperu.com\/index.php\/wp-json\/wp\/v2\/types\/post"}],"author":[{"embeddable":true,"href":"https:\/\/elinformanteperu.com\/index.php\/wp-json\/wp\/v2\/users\/1"}],"replies":[{"embeddable":true,"href":"https:\/\/elinformanteperu.com\/index.php\/wp-json\/wp\/v2\/comments?post=143788"}],"version-history":[{"count":1,"href":"https:\/\/elinformanteperu.com\/index.php\/wp-json\/wp\/v2\/posts\/143788\/revisions"}],"predecessor-version":[{"id":143791,"href":"https:\/\/elinformanteperu.com\/index.php\/wp-json\/wp\/v2\/posts\/143788\/revisions\/143791"}],"wp:featuredmedia":[{"embeddable":true,"href":"https:\/\/elinformanteperu.com\/index.php\/wp-json\/wp\/v2\/media\/143789"}],"wp:attachment":[{"href":"https:\/\/elinformanteperu.com\/index.php\/wp-json\/wp\/v2\/media?parent=143788"}],"wp:term":[{"taxonomy":"category","embeddable":true,"href":"https:\/\/elinformanteperu.com\/index.php\/wp-json\/wp\/v2\/categories?post=143788"},{"taxonomy":"post_tag","embeddable":true,"href":"https:\/\/elinformanteperu.com\/index.php\/wp-json\/wp\/v2\/tags?post=143788"}],"curies":[{"name":"wp","href":"https:\/\/api.w.org\/{rel}","templated":true}]}}