{"id":143784,"date":"2025-10-21T02:11:54","date_gmt":"2025-10-21T07:11:54","guid":{"rendered":"https:\/\/elinformanteperu.com\/?p=143784"},"modified":"2025-10-21T02:11:54","modified_gmt":"2025-10-21T07:11:54","slug":"elecciones-2026-el-31-de-octubre-vence-plazo-para-inscripcion-de-candidatos-a-primarias","status":"publish","type":"post","link":"https:\/\/elinformanteperu.com\/index.php\/2025\/10\/21\/elecciones-2026-el-31-de-octubre-vence-plazo-para-inscripcion-de-candidatos-a-primarias\/","title":{"rendered":"Elecciones 2026: el 31 de octubre vence plazo para inscripci\u00f3n de candidatos a primarias"},"content":{"rendered":"<p><span style=\"color: #000000;\"><strong>Lima, 20 de octubre 2025 (ANDINA).-<\/strong> El 31 de octubre de 2025 es la fecha l\u00edmite para que las organizaciones pol\u00edticas inscriban a sus candidatos que participar\u00e1n en las elecciones primarias con miras a los comicios generales de 2026, seg\u00fan el cronograma electoral vigente.<\/span><\/p>\n<p><strong><span style=\"color: #000000;\">Inscripci\u00f3n a cargo de las organizaciones pol\u00edticas<\/span><\/strong><\/p>\n<p><span style=\"color: #000000;\">La inscripci\u00f3n de candidaturas para las elecciones primarias corresponde exclusivamente a las organizaciones pol\u00edticas, a trav\u00e9s de sus \u00f3rganos electorales internos, que son los encargados de recibir y registrar a los aspirantes que competir\u00e1n en el proceso.<\/span><\/p>\n<p><span style=\"color: #000000;\">El Jurado Nacional de Elecciones (JNE) no interviene en esta etapa, dado que la responsabilidad recae en las propias agrupaciones pol\u00edticas.<\/span><\/p>\n<p><a href=\"https:\/\/elinformanteperu.com\/wp-content\/uploads\/2025\/08\/jne-atencion.jpg\"><img fetchpriority=\"high\" decoding=\"async\" class=\"size-large wp-image-142205 aligncenter\" src=\"https:\/\/elinformanteperu.com\/wp-content\/uploads\/2025\/08\/jne-atencion-1024x683.jpg\" alt=\"\" width=\"615\" height=\"410\" srcset=\"https:\/\/elinformanteperu.com\/wp-content\/uploads\/2025\/08\/jne-atencion-1024x683.jpg 1024w, https:\/\/elinformanteperu.com\/wp-content\/uploads\/2025\/08\/jne-atencion-300x200.jpg 300w, https:\/\/elinformanteperu.com\/wp-content\/uploads\/2025\/08\/jne-atencion-768x512.jpg 768w, https:\/\/elinformanteperu.com\/wp-content\/uploads\/2025\/08\/jne-atencion-1536x1024.jpg 1536w, https:\/\/elinformanteperu.com\/wp-content\/uploads\/2025\/08\/jne-atencion.jpg 1800w\" sizes=\"(max-width: 615px) 100vw, 615px\" \/><\/a><strong><span style=\"color: #000000;\">Fechas de elecciones primarias<\/span><\/strong><\/p>\n<p><span style=\"color: #000000;\">De acuerdo con el cronograma electoral, las elecciones primarias se desarrollar\u00e1n en dos fechas. El 30 de noviembre de 2025 votar\u00e1n los afiliados de cada organizaci\u00f3n pol\u00edtica, quienes tambi\u00e9n elegir\u00e1n a los delegados que participar\u00e1n en la siguiente fase.<\/span><\/p>\n<p><span style=\"color: #000000;\">Posteriormente, el 7 de diciembre de 2025, estos delegados ser\u00e1n los encargados de elegir las listas de candidatos que representar\u00e1n a sus agrupaciones en las Elecciones Generales 2026.<\/span><\/p>\n<p><a href=\"https:\/\/elinformanteperu.com\/wp-content\/uploads\/2025\/08\/JNE-vista-panoramica.jpg\"><img decoding=\"async\" class=\"size-large wp-image-142062 aligncenter\" src=\"https:\/\/elinformanteperu.com\/wp-content\/uploads\/2025\/08\/JNE-vista-panoramica-1024x767.jpg\" alt=\"\" width=\"615\" height=\"461\" srcset=\"https:\/\/elinformanteperu.com\/wp-content\/uploads\/2025\/08\/JNE-vista-panoramica-1024x767.jpg 1024w, https:\/\/elinformanteperu.com\/wp-content\/uploads\/2025\/08\/JNE-vista-panoramica-300x225.jpg 300w, https:\/\/elinformanteperu.com\/wp-content\/uploads\/2025\/08\/JNE-vista-panoramica-768x576.jpg 768w, https:\/\/elinformanteperu.com\/wp-content\/uploads\/2025\/08\/JNE-vista-panoramica-1536x1151.jpg 1536w, https:\/\/elinformanteperu.com\/wp-content\/uploads\/2025\/08\/JNE-vista-panoramica.jpg 1800w\" sizes=\"(max-width: 615px) 100vw, 615px\" \/><\/a><\/p>\n","protected":false},"excerpt":{"rendered":"<p>Lima, 20 de octubre 2025 (ANDINA).- El 31 de octubre de 2025 es la fecha l\u00edmite para que las organizaciones pol\u00edticas inscriban a sus candidatos que participar\u00e1n en las elecciones primarias con miras a los comicios generales de 2026, seg\u00fan el cronograma electoral vigente. Inscripci\u00f3n a cargo de las organizaciones pol\u00edticas La inscripci\u00f3n de candidaturas [&hellip;]<\/p>\n","protected":false},"author":1,"featured_media":143785,"comment_status":"closed","ping_status":"closed","sticky":false,"template":"","format":"standard","meta":{"rop_custom_images_group":[],"rop_custom_messages_group":[],"rop_publish_now":"initial","rop_publish_now_accounts":[],"rop_publish_now_history":[],"rop_publish_now_status":"pending","footnotes":""},"categories":[5],"tags":[7561,184,185],"class_list":["post-143784","post","type-post","status-publish","format-standard","has-post-thumbnail","hentry","category-actualidad-informativa","tag-elecciones-2026","tag-jne","tag-jurado-nacional-de-elecciones"],"_links":{"self":[{"href":"https:\/\/elinformanteperu.com\/index.php\/wp-json\/wp\/v2\/posts\/143784","targetHints":{"allow":["GET"]}}],"collection":[{"href":"https:\/\/elinformanteperu.com\/index.php\/wp-json\/wp\/v2\/posts"}],"about":[{"href":"https:\/\/elinformanteperu.com\/index.php\/wp-json\/wp\/v2\/types\/post"}],"author":[{"embeddable":true,"href":"https:\/\/elinformanteperu.com\/index.php\/wp-json\/wp\/v2\/users\/1"}],"replies":[{"embeddable":true,"href":"https:\/\/elinformanteperu.com\/index.php\/wp-json\/wp\/v2\/comments?post=143784"}],"version-history":[{"count":1,"href":"https:\/\/elinformanteperu.com\/index.php\/wp-json\/wp\/v2\/posts\/143784\/revisions"}],"predecessor-version":[{"id":143786,"href":"https:\/\/elinformanteperu.com\/index.php\/wp-json\/wp\/v2\/posts\/143784\/revisions\/143786"}],"wp:featuredmedia":[{"embeddable":true,"href":"https:\/\/elinformanteperu.com\/index.php\/wp-json\/wp\/v2\/media\/143785"}],"wp:attachment":[{"href":"https:\/\/elinformanteperu.com\/index.php\/wp-json\/wp\/v2\/media?parent=143784"}],"wp:term":[{"taxonomy":"category","embeddable":true,"href":"https:\/\/elinformanteperu.com\/index.php\/wp-json\/wp\/v2\/categories?post=143784"},{"taxonomy":"post_tag","embeddable":true,"href":"https:\/\/elinformanteperu.com\/index.php\/wp-json\/wp\/v2\/tags?post=143784"}],"curies":[{"name":"wp","href":"https:\/\/api.w.org\/{rel}","templated":true}]}}