{"id":14372,"date":"2017-08-14T00:27:20","date_gmt":"2017-08-14T05:27:20","guid":{"rendered":"http:\/\/elinformanteperu.com\/?p=14372"},"modified":"2017-08-14T00:27:20","modified_gmt":"2017-08-14T05:27:20","slug":"peru-y-chile-simplifican-control-migratorio-en-zona-de-frontera","status":"publish","type":"post","link":"https:\/\/elinformanteperu.com\/index.php\/2017\/08\/14\/peru-y-chile-simplifican-control-migratorio-en-zona-de-frontera\/","title":{"rendered":"Per\u00fa y Chile simplifican control migratorio en zona de frontera"},"content":{"rendered":"<p><strong><span style=\"color: #000000;\">La Superintendencia Nacional de Migraciones inform\u00f3 que este mi\u00e9rcoles 16 de agosto, las autoridades de Per\u00fa y Chile pondr\u00e1n en marcha el sistema de control migratorio yuxtapuesto.<\/span><\/strong><\/p>\n<p><span style=\"color: #000000;\"><strong>Lima, 13 Agosto 2017, (ANDINA).-<\/strong> La Superintendencia Nacional de Migraciones inform\u00f3 que este mi\u00e9rcoles 16 de agosto, las autoridades de Per\u00fa y Chile pondr\u00e1n en marcha el sistema de control migratorio yuxtapuesto, que agilizar\u00e1 y simplificar\u00e1 el tr\u00e1nsito de personas en la frontera entre ambos pa\u00edses, e impulsar\u00e1 el turismo y comercio bilateral.<\/span><\/p>\n<p><span style=\"color: #000000;\">Hasta ahora, los ciudadanos peruanos y chilenos que cruzan la frontera deben realizar los controles migratorios, de salida y de ingreso, en dos puestos de control que se encuentran separados a una distancia de unos 500 metros, Santa Rosa, en Tacna; y Chacalluta, en Arica.<\/span><\/p>\n<p><span style=\"color: #000000;\">Sin embargo, el tr\u00e1mite ser\u00e1 m\u00e1s sencillo desde el mi\u00e9rcoles 16, cuando los nacionales de ambos pa\u00edses y dem\u00e1s extranjeros encuentren a inspectores migratorios de Per\u00fa y Chile trabajando juntos en Santa Rosa y Chacalluta.<\/span><\/p>\n<p><span style=\"color: #000000;\">Gracias al trabajo conjunto entre las autoridades migratorias de Per\u00fa y Chile se simplifica y hace menos engorroso el control migratorio, facilitando la actividad tur\u00edstica y comercial en la frontera entre ambos pa\u00edses.<\/span><\/p>\n<p><span style=\"color: #000000;\">\u201cSiguiendo los lineamientos del Gobierno del presidente Pedro Pablo Kuczynski, estamos dando otro paso importante para el fortalecimiento de la integraci\u00f3n fronteriza entre Per\u00fa y Chile, con un trabajo coordinado de Sunat, Migraciones, Ministerio de Relaciones Exteriores y autoridades de Tacna, con un enfoque que privilegia los \u00e1mbitos econ\u00f3micos y sociales, fomentando una cultura de paz\u201d destac\u00f3 el Superintendente Nacional de Migraciones, Eduardo Sevilla Echevarr\u00eda.<\/span><\/p>\n<p><span style=\"color: #000000;\">El control yuxtapuesto es una pr\u00e1ctica acostumbrada internacionalmente en pa\u00edses fronterizos con alto intercambio tur\u00edstico y comercial y, en esa l\u00ednea, Migraciones est\u00e1 trabajando para activar en los pr\u00f3ximos meses la Tarjeta Andina de Migraci\u00f3n -TAM Virtual en esa frontera.<\/span><\/p>\n<p><span style=\"color: #000000;\">El 29 de noviembre de 2016, el presidente Kuczynski y su hom\u00f3loga chilena, Michelle Bachelet, firmaron una Declaraci\u00f3n Conjunta, en Santiago, en la cual ratificaron la decisi\u00f3n de poner en marcha el Control Integrado de los Complejos Fronterizos.<\/span><\/p>\n<p><span style=\"color: #000000;\">El Aeropuerto Internacional Jorge Ch\u00e1vez y el puesto de control fronterizo de Santa Rosa constituyen los dos principales puntos de ingreso y salida de ciudadanos nacionales y extranjeros.<\/span><\/p>\n<p><span style=\"color: #000000;\">Para realizar cruzar de un pa\u00eds a otro, los peruanos solo necesitan presentar el Documento Nacional de Identidad (DNI), mientras que los chilenos su c\u00e9dula de identidad.<\/span><\/p>\n","protected":false},"excerpt":{"rendered":"<p>La Superintendencia Nacional de Migraciones inform\u00f3 que este mi\u00e9rcoles 16 de agosto, las autoridades de Per\u00fa y Chile pondr\u00e1n en marcha el sistema de control migratorio yuxtapuesto. Lima, 13 Agosto 2017, (ANDINA).- La Superintendencia Nacional de Migraciones inform\u00f3 que este mi\u00e9rcoles 16 de agosto, las autoridades de Per\u00fa y Chile pondr\u00e1n en marcha el sistema [&hellip;]<\/p>\n","protected":false},"author":1,"featured_media":14373,"comment_status":"open","ping_status":"open","sticky":false,"template":"","format":"standard","meta":{"rop_custom_images_group":[],"rop_custom_messages_group":[],"rop_publish_now":"initial","rop_publish_now_accounts":[],"rop_publish_now_history":[],"rop_publish_now_status":"pending","footnotes":""},"categories":[5],"tags":[294,569,74],"class_list":["post-14372","post","type-post","status-publish","format-standard","has-post-thumbnail","hentry","category-actualidad-informativa","tag-cancilleria","tag-migraciones","tag-pedro-pablo-kuczynski"],"_links":{"self":[{"href":"https:\/\/elinformanteperu.com\/index.php\/wp-json\/wp\/v2\/posts\/14372","targetHints":{"allow":["GET"]}}],"collection":[{"href":"https:\/\/elinformanteperu.com\/index.php\/wp-json\/wp\/v2\/posts"}],"about":[{"href":"https:\/\/elinformanteperu.com\/index.php\/wp-json\/wp\/v2\/types\/post"}],"author":[{"embeddable":true,"href":"https:\/\/elinformanteperu.com\/index.php\/wp-json\/wp\/v2\/users\/1"}],"replies":[{"embeddable":true,"href":"https:\/\/elinformanteperu.com\/index.php\/wp-json\/wp\/v2\/comments?post=14372"}],"version-history":[{"count":1,"href":"https:\/\/elinformanteperu.com\/index.php\/wp-json\/wp\/v2\/posts\/14372\/revisions"}],"predecessor-version":[{"id":14374,"href":"https:\/\/elinformanteperu.com\/index.php\/wp-json\/wp\/v2\/posts\/14372\/revisions\/14374"}],"wp:featuredmedia":[{"embeddable":true,"href":"https:\/\/elinformanteperu.com\/index.php\/wp-json\/wp\/v2\/media\/14373"}],"wp:attachment":[{"href":"https:\/\/elinformanteperu.com\/index.php\/wp-json\/wp\/v2\/media?parent=14372"}],"wp:term":[{"taxonomy":"category","embeddable":true,"href":"https:\/\/elinformanteperu.com\/index.php\/wp-json\/wp\/v2\/categories?post=14372"},{"taxonomy":"post_tag","embeddable":true,"href":"https:\/\/elinformanteperu.com\/index.php\/wp-json\/wp\/v2\/tags?post=14372"}],"curies":[{"name":"wp","href":"https:\/\/api.w.org\/{rel}","templated":true}]}}