{"id":14365,"date":"2017-08-14T00:08:42","date_gmt":"2017-08-14T05:08:42","guid":{"rendered":"http:\/\/elinformanteperu.com\/?p=14365"},"modified":"2017-08-14T00:08:42","modified_gmt":"2017-08-14T05:08:42","slug":"ley-antitransfuguismo-frente-amplio-estima-que-tc-aprobara-demanda","status":"publish","type":"post","link":"https:\/\/elinformanteperu.com\/index.php\/2017\/08\/14\/ley-antitransfuguismo-frente-amplio-estima-que-tc-aprobara-demanda\/","title":{"rendered":"Ley antitransfuguismo: Frente Amplio estima que TC aprobar\u00e1 demanda"},"content":{"rendered":"<p><strong><span style=\"color: #000000;\">El congresista del Frente Amplio, Jorge Castro, se\u00f1al\u00f3 que es muy probable que el Tribunal Constitucional (TC) apruebe la demanda contra la denominada \u00abLey antitransfuguismo\u00bb.<\/span><\/strong><\/p>\n<p><span style=\"color: #000000;\"><strong>Lima, 13 Agosto 2017, (ANDINA).-<\/strong> El congresista del Frente Amplio, Jorge Castro, se\u00f1al\u00f3 que es muy probable que el Tribunal Constitucional (TC) apruebe la demanda contra la denominada \u00abLey antitransfuguismo\u00bb.<\/span><\/p>\n<p><span style=\"color: #000000;\">\u00abEste tema puede abordarse desde dos \u00e1ngulos. Desde el punto de vista constitucional es muy probable que la demanda sea aprobada pues los congresistas no estamos sujetos a mandato imperativo\u00bb, explic\u00f3.<\/span><\/p>\n<p><span style=\"color: #000000;\">Bajo esa premisa, remarc\u00f3 que no corresponder\u00eda que los parlamentarios sean sancionados por querer dejar sus bancadas por discrepancias internas, como plantea la mencionada ley.<\/span><\/p>\n<p><span style=\"color: #000000;\">Sin embargo, indic\u00f3 a la Agencia Andina que desde el punto de vista \u00e9tico no es correcto que las bancadas se disgreguen.<\/span><\/p>\n<p><span style=\"color: #000000;\">\u00abSi uno ingres\u00f3 por tal bancada debe mantenerse, uno puede tener diferencias con sus otros colegas de bancada, nunca vamos a coincidir en todo pero hay que respetar el mandato popular\u00bb, manifest\u00f3.<\/span><\/p>\n<p><span style=\"color: #000000;\">\u00abSi no respetamos eso estamos faltando a quienes votaron por nosotros, terminamos dispersos y le hacemos da\u00f1o a la democracia. Hay que tomar con seriedad el mandato popular\u00bb, a\u00f1adi\u00f3.<\/span><\/p>\n<p><strong><span style=\"color: #000000;\">Tribunal Constitucional<\/span><\/strong><\/p>\n<p><span style=\"color: #000000;\">El \u00faltimo viernes, el Tribunal Constitucional dej\u00f3 al voto la demanda de inconstitucionalidad presentada por m\u00e1s de 40 congresistas de diferentes bancadas contra la llamada ley antitransfuguismo.<\/span><\/p>\n<p><span style=\"color: #000000;\">Dicha ley se\u00f1ala que no pueden constituir nuevo grupo parlamentario ni adherirse a otro aquellos congresistas que se retiren, renuncien, sean separados o hayan sido expulsados de la bancada, partido pol\u00edtico o alianza electoral por el cual fueron elegidos.<\/span><\/p>\n<p><span style=\"color: #000000;\">Tampoco podr\u00e1n asumir cargos directivos del Congreso ni en las comisiones ordinarias.<\/span><\/p>\n","protected":false},"excerpt":{"rendered":"<p>El congresista del Frente Amplio, Jorge Castro, se\u00f1al\u00f3 que es muy probable que el Tribunal Constitucional (TC) apruebe la demanda contra la denominada \u00abLey antitransfuguismo\u00bb. Lima, 13 Agosto 2017, (ANDINA).- El congresista del Frente Amplio, Jorge Castro, se\u00f1al\u00f3 que es muy probable que el Tribunal Constitucional (TC) apruebe la demanda contra la denominada \u00abLey antitransfuguismo\u00bb. [&hellip;]<\/p>\n","protected":false},"author":1,"featured_media":14366,"comment_status":"open","ping_status":"open","sticky":false,"template":"","format":"standard","meta":{"rop_custom_images_group":[],"rop_custom_messages_group":[],"rop_publish_now":"initial","rop_publish_now_accounts":[],"rop_publish_now_history":[],"rop_publish_now_status":"pending","footnotes":""},"categories":[5],"tags":[192,158,2023,1402,1401],"class_list":["post-14365","post","type-post","status-publish","format-standard","has-post-thumbnail","hentry","category-actualidad-informativa","tag-congreso","tag-frente-amplio","tag-jorge-castro","tag-tc","tag-tribunal-constitucional"],"_links":{"self":[{"href":"https:\/\/elinformanteperu.com\/index.php\/wp-json\/wp\/v2\/posts\/14365","targetHints":{"allow":["GET"]}}],"collection":[{"href":"https:\/\/elinformanteperu.com\/index.php\/wp-json\/wp\/v2\/posts"}],"about":[{"href":"https:\/\/elinformanteperu.com\/index.php\/wp-json\/wp\/v2\/types\/post"}],"author":[{"embeddable":true,"href":"https:\/\/elinformanteperu.com\/index.php\/wp-json\/wp\/v2\/users\/1"}],"replies":[{"embeddable":true,"href":"https:\/\/elinformanteperu.com\/index.php\/wp-json\/wp\/v2\/comments?post=14365"}],"version-history":[{"count":1,"href":"https:\/\/elinformanteperu.com\/index.php\/wp-json\/wp\/v2\/posts\/14365\/revisions"}],"predecessor-version":[{"id":14367,"href":"https:\/\/elinformanteperu.com\/index.php\/wp-json\/wp\/v2\/posts\/14365\/revisions\/14367"}],"wp:featuredmedia":[{"embeddable":true,"href":"https:\/\/elinformanteperu.com\/index.php\/wp-json\/wp\/v2\/media\/14366"}],"wp:attachment":[{"href":"https:\/\/elinformanteperu.com\/index.php\/wp-json\/wp\/v2\/media?parent=14365"}],"wp:term":[{"taxonomy":"category","embeddable":true,"href":"https:\/\/elinformanteperu.com\/index.php\/wp-json\/wp\/v2\/categories?post=14365"},{"taxonomy":"post_tag","embeddable":true,"href":"https:\/\/elinformanteperu.com\/index.php\/wp-json\/wp\/v2\/tags?post=14365"}],"curies":[{"name":"wp","href":"https:\/\/api.w.org\/{rel}","templated":true}]}}