{"id":14361,"date":"2017-08-13T23:54:07","date_gmt":"2017-08-14T04:54:07","guid":{"rendered":"http:\/\/elinformanteperu.com\/?p=14361"},"modified":"2017-08-13T23:54:07","modified_gmt":"2017-08-14T04:54:07","slug":"keiko-fujimori-presencia-en-comision-lava-jato-no-esta-confirmada","status":"publish","type":"post","link":"https:\/\/elinformanteperu.com\/index.php\/2017\/08\/13\/keiko-fujimori-presencia-en-comision-lava-jato-no-esta-confirmada\/","title":{"rendered":"Keiko Fujimori: presencia en comisi\u00f3n Lava Jato no est\u00e1 confirmada"},"content":{"rendered":"<p><span style=\"color: #000000;\"><strong>La presidenta de la comisi\u00f3n Lava Jato del Congreso, Rosa Bartra, anunci\u00f3 que la presencia de la lideresa de Fuerza Popular ante dicho grupo de trabajo, \u00a0a\u00fan \u201cno est\u00e1 confirmada\u201d.<\/strong><\/span><\/p>\n<p><span style=\"color: #000000;\"><strong>Lima, 13 Agosto 2017, (ANDINA).-<\/strong> La presidenta de la comisi\u00f3n Lava Jato del Congreso, Rosa Bartra, anunci\u00f3 que la presencia de la lideresa de Fuerza Popular ante dicho grupo de trabajo, que investiga los supuestos sobornos a autoridades peruanas por parte de empresas brasile\u00f1as, a\u00fan \u201cno est\u00e1 confirmada\u201d.<\/span><\/p>\n<p><span style=\"color: #000000;\">El vicepresidente de dicha comisi\u00f3n, Jorge Castro, dijo en la v\u00edspera que en la primera quincena de setiembre Fujimori Higuchi ser\u00eda citada como estaba programado.<\/span><\/p>\n<p><span style=\"color: #000000;\">\u201cNo est\u00e1 confirmada (su presencia), no es una programaci\u00f3n que tenemos al momento, pero atendiendo a la disposici\u00f3n de Keiko Fujimori, en cuanto tengamos algo oficial como lo que anunci\u00f3 el fiscal (Alonso Pe\u00f1a Cabrera), ella asistir\u00e1\u201d, manifest\u00f3 en \u00abRPP\u00bb.<\/span><\/p>\n<p><span style=\"color: #000000;\">Asimismo, precis\u00f3 que no escuch\u00f3 las declaraciones emitidas por Jorge Castro, pero lo que queda claro es \u201csu total disposici\u00f3n\u201d de asistir, cuando sea requerida.<\/span><\/p>\n<p><span style=\"color: #000000;\">\u201cElla (Keiko Fujimori) mostr\u00f3 su intenci\u00f3n de asistir a la comisi\u00f3n Lava Jato despu\u00e9s de conocer la noticia (de una supuesta anotaci\u00f3n de Marcelo Odebrecht) que viene dando vueltas hace meses, esperamos que el fiscal tenga el documento, que dijo que existe de manera extraoficial, para construir un caso\u201d, asegur\u00f3.<\/span><\/p>\n<p><span style=\"color: #000000;\">Respecto a las declaraciones efectuadas por el jefe de la Unidad de Cooperaci\u00f3n Internacional y de Extradiciones del Ministerio P\u00fablico, Alonso Pe\u00f1a Cabrera, respecto a Keiko Fujimori, dijo que no era bueno hacer afirmaciones \u201cde forma condicional\u201d.<\/span><\/p>\n<p><span style=\"color: #000000;\">\u201cSiendo objetivos, las palabras \u2018hubiera y existir\u00eda\u2019 tienen que ver con una versi\u00f3n extraoficial (\u2026), esperamos una versi\u00f3n oficial para tomar acciones como corresponde a una comisi\u00f3n que tiene un encargo importante\u201d, agreg\u00f3.<\/span><\/p>\n","protected":false},"excerpt":{"rendered":"<p>La presidenta de la comisi\u00f3n Lava Jato del Congreso, Rosa Bartra, anunci\u00f3 que la presencia de la lideresa de Fuerza Popular ante dicho grupo de trabajo, \u00a0a\u00fan \u201cno est\u00e1 confirmada\u201d. Lima, 13 Agosto 2017, (ANDINA).- La presidenta de la comisi\u00f3n Lava Jato del Congreso, Rosa Bartra, anunci\u00f3 que la presencia de la lideresa de Fuerza [&hellip;]<\/p>\n","protected":false},"author":1,"featured_media":8433,"comment_status":"open","ping_status":"open","sticky":false,"template":"","format":"standard","meta":{"rop_custom_images_group":[],"rop_custom_messages_group":[],"rop_publish_now":"initial","rop_publish_now_accounts":[],"rop_publish_now_history":[],"rop_publish_now_status":"pending","footnotes":""},"categories":[5],"tags":[192,557,525],"class_list":["post-14361","post","type-post","status-publish","format-standard","has-post-thumbnail","hentry","category-actualidad-informativa","tag-congreso","tag-keiko-fujimori","tag-rosa-bartra"],"_links":{"self":[{"href":"https:\/\/elinformanteperu.com\/index.php\/wp-json\/wp\/v2\/posts\/14361","targetHints":{"allow":["GET"]}}],"collection":[{"href":"https:\/\/elinformanteperu.com\/index.php\/wp-json\/wp\/v2\/posts"}],"about":[{"href":"https:\/\/elinformanteperu.com\/index.php\/wp-json\/wp\/v2\/types\/post"}],"author":[{"embeddable":true,"href":"https:\/\/elinformanteperu.com\/index.php\/wp-json\/wp\/v2\/users\/1"}],"replies":[{"embeddable":true,"href":"https:\/\/elinformanteperu.com\/index.php\/wp-json\/wp\/v2\/comments?post=14361"}],"version-history":[{"count":1,"href":"https:\/\/elinformanteperu.com\/index.php\/wp-json\/wp\/v2\/posts\/14361\/revisions"}],"predecessor-version":[{"id":14362,"href":"https:\/\/elinformanteperu.com\/index.php\/wp-json\/wp\/v2\/posts\/14361\/revisions\/14362"}],"wp:featuredmedia":[{"embeddable":true,"href":"https:\/\/elinformanteperu.com\/index.php\/wp-json\/wp\/v2\/media\/8433"}],"wp:attachment":[{"href":"https:\/\/elinformanteperu.com\/index.php\/wp-json\/wp\/v2\/media?parent=14361"}],"wp:term":[{"taxonomy":"category","embeddable":true,"href":"https:\/\/elinformanteperu.com\/index.php\/wp-json\/wp\/v2\/categories?post=14361"},{"taxonomy":"post_tag","embeddable":true,"href":"https:\/\/elinformanteperu.com\/index.php\/wp-json\/wp\/v2\/tags?post=14361"}],"curies":[{"name":"wp","href":"https:\/\/api.w.org\/{rel}","templated":true}]}}