{"id":143548,"date":"2025-10-16T01:50:44","date_gmt":"2025-10-16T06:50:44","guid":{"rendered":"https:\/\/elinformanteperu.com\/?p=143548"},"modified":"2025-10-16T01:50:44","modified_gmt":"2025-10-16T06:50:44","slug":"presidente-jeri-necesitamos-dialogo-y-tranquilidad-en-el-pais","status":"publish","type":"post","link":"https:\/\/elinformanteperu.com\/index.php\/2025\/10\/16\/presidente-jeri-necesitamos-dialogo-y-tranquilidad-en-el-pais\/","title":{"rendered":"Presidente Jer\u00ed: necesitamos di\u00e1logo y tranquilidad en el pa\u00eds"},"content":{"rendered":"<p><span style=\"color: #000000;\"><strong>Lima, 15 de octubre 2025 (ANDINA).-<\/strong> El presidente de la rep\u00fablica, Jos\u00e9 Jer\u00ed, enfatiz\u00f3 que en este momento el pa\u00eds necesita di\u00e1logo y tranquilidad, desterrando comportamientos que buscan la violencia.<\/span><\/p>\n<p><span style=\"color: #000000;\">El mandatario, a trav\u00e9s de sus redes sociales, se refiri\u00f3 a la marcha de ciudadanos que se desplazan por las calles de Lima e indic\u00f3 que la expresi\u00f3n ciudadana en las calles es un derecho ante la falta de atenci\u00f3n del Estado por muchos a\u00f1os.<\/span><\/p>\n<p><span style=\"color: #000000;\">Sin embargo, no se permitir\u00e1 que un grupo reducido pretenda usar la violencia como camino.<\/span><\/p>\n<p><span style=\"color: #000000;\">\u201cUn grupo reducido pretende alterar la voluntad pac\u00edfica de quienes hoy han salido a las calles para expresarse. Ese comportamiento solo busca el caos y violencia en nuestro pa\u00eds. Fuerza a nuestra Polic\u00eda Nacional, necesitamos di\u00e1logo y tranquilidad\u201d, recalc\u00f3.<\/span><\/p>\n<p><span style=\"color: #000000;\">El presidente Jer\u00ed, comparti\u00f3 tambi\u00e9n un video de la Municipalidad de Lima, donde se observa a un sujeto encender un c\u00f3ctel molotov y arrojarlo a efectivos policiales.<\/span><\/p>\n<p><span style=\"color: #000000;\">En otro mensaje, el presidente Jer\u00ed destac\u00f3 que el trabajo conjunto es sumamente importante cuando se trata de garantizar la seguridad e integridad de quienes decidieron salir a las calles a protestar y de nuestra Polic\u00eda Nacional del Per\u00fa.<\/span><\/p>\n<p><span style=\"color: #000000;\">Precisamente, la Polic\u00eda Nacional inform\u00f3 que se elev\u00f3 de cinco a quince los efectivos policiales durante los enfrentamientos con manifestantes.<\/span><\/p>\n<p><span style=\"color: #000000;\">El mandatario tambi\u00e9n lleg\u00f3 a la zona donde ocurrieron los actos de violencia, cerca a la avenida Abancay, para conocer la situaci\u00f3n de los polic\u00edas heridos que ya vienen siendo atendidos en nosocomios de Lima.<\/span><\/p>\n<blockquote class=\"twitter-tweet\">\n<p dir=\"ltr\" lang=\"es\">Un grupo reducido pretende alterar la voluntad pac\u00edfica de quienes hoy han salido a las calles para expresarse. Ese comportamiento solo busca el caos y violencia en nuestro pa\u00eds. Fuerza a nuestra <a href=\"https:\/\/twitter.com\/PoliciaPeru?ref_src=twsrc%5Etfw\">@PoliciaPeru<\/a>.<br \/>\nNecesitamos di\u00e1logo y tranquilidad<br \/>\nGracias por el video <a href=\"https:\/\/twitter.com\/MuniLima?ref_src=twsrc%5Etfw\">@MuniLima<\/a> <a href=\"https:\/\/t.co\/5OsE34Znua\">pic.twitter.com\/5OsE34Znua<\/a><\/p>\n<p>\u2014 Jos\u00e9 Jer\u00ed (@josejeriore) <a href=\"https:\/\/twitter.com\/josejeriore\/status\/1978637284598546708?ref_src=twsrc%5Etfw\">October 16, 2025<\/a><\/p><\/blockquote>\n<p><script async src=\"https:\/\/platform.twitter.com\/widgets.js\" charset=\"utf-8\"><\/script><\/p>\n","protected":false},"excerpt":{"rendered":"<p>Lima, 15 de octubre 2025 (ANDINA).- El presidente de la rep\u00fablica, Jos\u00e9 Jer\u00ed, enfatiz\u00f3 que en este momento el pa\u00eds necesita di\u00e1logo y tranquilidad, desterrando comportamientos que buscan la violencia. El mandatario, a trav\u00e9s de sus redes sociales, se refiri\u00f3 a la marcha de ciudadanos que se desplazan por las calles de Lima e indic\u00f3 [&hellip;]<\/p>\n","protected":false},"author":1,"featured_media":143549,"comment_status":"closed","ping_status":"closed","sticky":false,"template":"","format":"standard","meta":{"rop_custom_images_group":[],"rop_custom_messages_group":[],"rop_publish_now":"initial","rop_publish_now_accounts":[],"rop_publish_now_history":[],"rop_publish_now_status":"pending","footnotes":""},"categories":[5],"tags":[],"class_list":["post-143548","post","type-post","status-publish","format-standard","has-post-thumbnail","hentry","category-actualidad-informativa"],"_links":{"self":[{"href":"https:\/\/elinformanteperu.com\/index.php\/wp-json\/wp\/v2\/posts\/143548","targetHints":{"allow":["GET"]}}],"collection":[{"href":"https:\/\/elinformanteperu.com\/index.php\/wp-json\/wp\/v2\/posts"}],"about":[{"href":"https:\/\/elinformanteperu.com\/index.php\/wp-json\/wp\/v2\/types\/post"}],"author":[{"embeddable":true,"href":"https:\/\/elinformanteperu.com\/index.php\/wp-json\/wp\/v2\/users\/1"}],"replies":[{"embeddable":true,"href":"https:\/\/elinformanteperu.com\/index.php\/wp-json\/wp\/v2\/comments?post=143548"}],"version-history":[{"count":1,"href":"https:\/\/elinformanteperu.com\/index.php\/wp-json\/wp\/v2\/posts\/143548\/revisions"}],"predecessor-version":[{"id":143550,"href":"https:\/\/elinformanteperu.com\/index.php\/wp-json\/wp\/v2\/posts\/143548\/revisions\/143550"}],"wp:featuredmedia":[{"embeddable":true,"href":"https:\/\/elinformanteperu.com\/index.php\/wp-json\/wp\/v2\/media\/143549"}],"wp:attachment":[{"href":"https:\/\/elinformanteperu.com\/index.php\/wp-json\/wp\/v2\/media?parent=143548"}],"wp:term":[{"taxonomy":"category","embeddable":true,"href":"https:\/\/elinformanteperu.com\/index.php\/wp-json\/wp\/v2\/categories?post=143548"},{"taxonomy":"post_tag","embeddable":true,"href":"https:\/\/elinformanteperu.com\/index.php\/wp-json\/wp\/v2\/tags?post=143548"}],"curies":[{"name":"wp","href":"https:\/\/api.w.org\/{rel}","templated":true}]}}