{"id":143507,"date":"2025-10-15T23:16:58","date_gmt":"2025-10-16T04:16:58","guid":{"rendered":"https:\/\/elinformanteperu.com\/?p=143507"},"modified":"2025-10-15T23:16:58","modified_gmt":"2025-10-16T04:16:58","slug":"rey-felipe-vi-inaugura-x-cile-que-se-desarrolla-en-la-ciudad-de-arequipa","status":"publish","type":"post","link":"https:\/\/elinformanteperu.com\/index.php\/2025\/10\/15\/rey-felipe-vi-inaugura-x-cile-que-se-desarrolla-en-la-ciudad-de-arequipa\/","title":{"rendered":"Rey Felipe VI inaugura X CILE que se desarrolla en la ciudad de Arequipa"},"content":{"rendered":"<p><span style=\"color: #000000;\"><strong>Lima, 15 de octubre 2025 (ANDINA).-<\/strong> El rey Felipe VI de Espa\u00f1a inaugura el X Congreso Internacional de la Lengua Espa\u00f1ola (CILE), en una sesi\u00f3n solemne que se desarrolla en el teatro municipal de la ciudad de Arequipa.<\/span><\/p>\n<p><span style=\"color: #000000;\">En la ceremonia participan el director del Instituto Cervantes, Luis Garc\u00eda Montero; la secretaria general de Instituto Cervantes, Carmen Noguero.<\/span><\/p>\n<p><a href=\"https:\/\/elinformanteperu.com\/wp-content\/uploads\/2025\/10\/rey-felipe-vI.webp\"><img fetchpriority=\"high\" decoding=\"async\" class=\"size-full wp-image-143509 aligncenter\" src=\"https:\/\/elinformanteperu.com\/wp-content\/uploads\/2025\/10\/rey-felipe-vI.webp\" alt=\"\" width=\"500\" height=\"333\" srcset=\"https:\/\/elinformanteperu.com\/wp-content\/uploads\/2025\/10\/rey-felipe-vI.webp 500w, https:\/\/elinformanteperu.com\/wp-content\/uploads\/2025\/10\/rey-felipe-vI-300x200.webp 300w\" sizes=\"(max-width: 500px) 100vw, 500px\" \/><\/a><\/p>\n<p><span style=\"color: #000000;\">Asimismo, el director de la Real Academia de la Lengua Espa\u00f1ola y presidente de la Asociaci\u00f3n de Academias de la Lengua Espa\u00f1ola, Santiago Mu\u00f1oz Machado, entre otras personalidades.<\/span><\/p>\n<p><span style=\"color: #000000;\">La sesi\u00f3n solemne da inicio a las actividades del X Congreso Internacional de la Lengua Espa\u00f1ola, aunque ya se ven\u00edan desarrollando algunas actividades acad\u00e9micas y culturales.<\/span><\/p>\n<p><iframe style=\"border: none; overflow: hidden;\" src=\"https:\/\/www.facebook.com\/plugins\/video.php?height=314&amp;href=https%3A%2F%2Fwww.facebook.com%2Fagenciandina%2Fvideos%2F1354387679426796%2F&amp;show_text=false&amp;width=560&amp;t=0\" width=\"560\" height=\"314\" frameborder=\"0\" scrolling=\"no\" allowfullscreen=\"allowfullscreen\"><\/iframe><\/p>\n","protected":false},"excerpt":{"rendered":"<p>Lima, 15 de octubre 2025 (ANDINA).- El rey Felipe VI de Espa\u00f1a inaugura el X Congreso Internacional de la Lengua Espa\u00f1ola (CILE), en una sesi\u00f3n solemne que se desarrolla en el teatro municipal de la ciudad de Arequipa. En la ceremonia participan el director del Instituto Cervantes, Luis Garc\u00eda Montero; la secretaria general de Instituto [&hellip;]<\/p>\n","protected":false},"author":1,"featured_media":143508,"comment_status":"closed","ping_status":"closed","sticky":false,"template":"","format":"standard","meta":{"rop_custom_images_group":[],"rop_custom_messages_group":[],"rop_publish_now":"initial","rop_publish_now_accounts":[],"rop_publish_now_history":[],"rop_publish_now_status":"pending","footnotes":""},"categories":[5],"tags":[769,8628],"class_list":["post-143507","post","type-post","status-publish","format-standard","has-post-thumbnail","hentry","category-actualidad-informativa","tag-arequipa","tag-rey-felipe-vi"],"_links":{"self":[{"href":"https:\/\/elinformanteperu.com\/index.php\/wp-json\/wp\/v2\/posts\/143507","targetHints":{"allow":["GET"]}}],"collection":[{"href":"https:\/\/elinformanteperu.com\/index.php\/wp-json\/wp\/v2\/posts"}],"about":[{"href":"https:\/\/elinformanteperu.com\/index.php\/wp-json\/wp\/v2\/types\/post"}],"author":[{"embeddable":true,"href":"https:\/\/elinformanteperu.com\/index.php\/wp-json\/wp\/v2\/users\/1"}],"replies":[{"embeddable":true,"href":"https:\/\/elinformanteperu.com\/index.php\/wp-json\/wp\/v2\/comments?post=143507"}],"version-history":[{"count":1,"href":"https:\/\/elinformanteperu.com\/index.php\/wp-json\/wp\/v2\/posts\/143507\/revisions"}],"predecessor-version":[{"id":143510,"href":"https:\/\/elinformanteperu.com\/index.php\/wp-json\/wp\/v2\/posts\/143507\/revisions\/143510"}],"wp:featuredmedia":[{"embeddable":true,"href":"https:\/\/elinformanteperu.com\/index.php\/wp-json\/wp\/v2\/media\/143508"}],"wp:attachment":[{"href":"https:\/\/elinformanteperu.com\/index.php\/wp-json\/wp\/v2\/media?parent=143507"}],"wp:term":[{"taxonomy":"category","embeddable":true,"href":"https:\/\/elinformanteperu.com\/index.php\/wp-json\/wp\/v2\/categories?post=143507"},{"taxonomy":"post_tag","embeddable":true,"href":"https:\/\/elinformanteperu.com\/index.php\/wp-json\/wp\/v2\/tags?post=143507"}],"curies":[{"name":"wp","href":"https:\/\/api.w.org\/{rel}","templated":true}]}}