{"id":143405,"date":"2025-10-14T00:42:02","date_gmt":"2025-10-14T05:42:02","guid":{"rendered":"https:\/\/elinformanteperu.com\/?p=143405"},"modified":"2025-10-14T00:42:02","modified_gmt":"2025-10-14T05:42:02","slug":"la-libertad-puente-al-borde-del-colapso-pone-en-riesgo-vidas-de-pobladores-de-septen","status":"publish","type":"post","link":"https:\/\/elinformanteperu.com\/index.php\/2025\/10\/14\/la-libertad-puente-al-borde-del-colapso-pone-en-riesgo-vidas-de-pobladores-de-septen\/","title":{"rendered":"La Libertad: puente al borde del colapso pone en riesgo vidas de pobladores de Sept\u00e9n"},"content":{"rendered":"<p><strong><span style=\"color: #000000;\">Es la \u00fanica v\u00eda de conexi\u00f3n entre el caser\u00edo de Sept\u00e9n y la carretera Longitudinal de la Sierra<\/span><\/strong><\/p>\n<p><span style=\"color: #000000;\"><strong>Trujillo, 13 de octubre 2025 (ANDINA).-<\/strong> Debido al mal estado de su estructura, se ha convertido en una trampa mortal el puente colgante Sept\u00e9n, que cruza el r\u00edo Chicama en el distrito de Marmot, provincia de S\u00e1nchez Carri\u00f3n, regi\u00f3n La Libertad.<\/span><\/p>\n<p><span style=\"color: #000000;\">El puente es la \u00fanica v\u00eda de conexi\u00f3n entre el caser\u00edo de Sept\u00e9n y la carretera Longitudinal de la Sierra, por lo que los ciudadanos tienen que arriesgarse a cruzar a diario los 210 metros de longitud.<\/span><\/p>\n<p><span style=\"color: #000000;\">La plataforma de madera est\u00e1 pr\u00e1cticamente destrozada: tablas rotas, rajadas y, peor a\u00fan, piezas faltantes que dejan espacios vac\u00edos. Este panorama genera p\u00e1nico entre los peatones cada que intentan cruzar.<\/span><\/p>\n<p><span style=\"color: #000000;\">La vulnerabilidad del puente se agrava por fallas estructurales evidentes: algunos soportes de fierro corrugado se encuentran desoldados y han sido precariamente amarrados con alambres, lo que multiplica el riesgo y lo convierte en una estructura de alto peligro inminente.<\/span><\/p>\n<p><a href=\"https:\/\/elinformanteperu.com\/wp-content\/uploads\/2025\/10\/trujillo-puente-en-mal-estado-septen1.webp\"><img fetchpriority=\"high\" decoding=\"async\" class=\"size-full wp-image-143407 aligncenter\" src=\"https:\/\/elinformanteperu.com\/wp-content\/uploads\/2025\/10\/trujillo-puente-en-mal-estado-septen1.webp\" alt=\"\" width=\"500\" height=\"333\" srcset=\"https:\/\/elinformanteperu.com\/wp-content\/uploads\/2025\/10\/trujillo-puente-en-mal-estado-septen1.webp 500w, https:\/\/elinformanteperu.com\/wp-content\/uploads\/2025\/10\/trujillo-puente-en-mal-estado-septen1-300x200.webp 300w\" sizes=\"(max-width: 500px) 100vw, 500px\" \/><\/a><strong><span style=\"color: #000000;\">Estudiantes en riesgo<\/span><\/strong><\/p>\n<p><span style=\"color: #000000;\">El caser\u00edo Sept\u00e9n, que alberga cerca de 400 familias, carece de una instituci\u00f3n educativa de nivel secundario. Por ello, de lunes a viernes decenas de alumnos se ven obligados a desafiar el paso por el puente para poder asistir a sus clases en localidades vecinas como Cruce de Cascas (Cojitambo) o Jolluco.<\/span><\/p>\n<p><span style=\"color: #000000;\">Esta emergencia mantiene en vilo a los padres de familia, quienes, ante la inacci\u00f3n de las autoridades, han tenido que organizarse. Han acordado desarrollar jornadas dominicales de trabajo comunitario para cambiar o asegurar las tablas de la plataforma, con el prop\u00f3sito de proteger la integridad f\u00edsica de sus hijos.<\/span><\/p>\n<p><span style=\"color: #000000;\">\u201cNuestros hijos est\u00e1n expuestos al peligro todos los d\u00edas y por eso estamos preocupados\u201d, expres\u00f3 el agente municipal de Sept\u00e9n, Percy Rodriguez.<\/span><\/p>\n<p><span style=\"color: #000000;\">Los pobladores y las autoridades locales aseguran estar exhaustos de gestionar una soluci\u00f3n ante la Municipalidad Distrital de Marmot, pues afirman que solo han recibido falsas promesas.<\/span><\/p>\n","protected":false},"excerpt":{"rendered":"<p>Es la \u00fanica v\u00eda de conexi\u00f3n entre el caser\u00edo de Sept\u00e9n y la carretera Longitudinal de la Sierra Trujillo, 13 de octubre 2025 (ANDINA).- Debido al mal estado de su estructura, se ha convertido en una trampa mortal el puente colgante Sept\u00e9n, que cruza el r\u00edo Chicama en el distrito de Marmot, provincia de S\u00e1nchez [&hellip;]<\/p>\n","protected":false},"author":1,"featured_media":143406,"comment_status":"closed","ping_status":"closed","sticky":false,"template":"","format":"standard","meta":{"rop_custom_images_group":[],"rop_custom_messages_group":[],"rop_publish_now":"initial","rop_publish_now_accounts":[],"rop_publish_now_history":[],"rop_publish_now_status":"pending","footnotes":""},"categories":[10],"tags":[4270,3362],"class_list":["post-143405","post","type-post","status-publish","format-standard","has-post-thumbnail","hentry","category-actualidad-municipal","tag-la-libertad","tag-trujillo"],"_links":{"self":[{"href":"https:\/\/elinformanteperu.com\/index.php\/wp-json\/wp\/v2\/posts\/143405","targetHints":{"allow":["GET"]}}],"collection":[{"href":"https:\/\/elinformanteperu.com\/index.php\/wp-json\/wp\/v2\/posts"}],"about":[{"href":"https:\/\/elinformanteperu.com\/index.php\/wp-json\/wp\/v2\/types\/post"}],"author":[{"embeddable":true,"href":"https:\/\/elinformanteperu.com\/index.php\/wp-json\/wp\/v2\/users\/1"}],"replies":[{"embeddable":true,"href":"https:\/\/elinformanteperu.com\/index.php\/wp-json\/wp\/v2\/comments?post=143405"}],"version-history":[{"count":1,"href":"https:\/\/elinformanteperu.com\/index.php\/wp-json\/wp\/v2\/posts\/143405\/revisions"}],"predecessor-version":[{"id":143408,"href":"https:\/\/elinformanteperu.com\/index.php\/wp-json\/wp\/v2\/posts\/143405\/revisions\/143408"}],"wp:featuredmedia":[{"embeddable":true,"href":"https:\/\/elinformanteperu.com\/index.php\/wp-json\/wp\/v2\/media\/143406"}],"wp:attachment":[{"href":"https:\/\/elinformanteperu.com\/index.php\/wp-json\/wp\/v2\/media?parent=143405"}],"wp:term":[{"taxonomy":"category","embeddable":true,"href":"https:\/\/elinformanteperu.com\/index.php\/wp-json\/wp\/v2\/categories?post=143405"},{"taxonomy":"post_tag","embeddable":true,"href":"https:\/\/elinformanteperu.com\/index.php\/wp-json\/wp\/v2\/tags?post=143405"}],"curies":[{"name":"wp","href":"https:\/\/api.w.org\/{rel}","templated":true}]}}